{"id":49018,"date":"2023-10-31T06:46:49","date_gmt":"2023-10-31T11:46:49","guid":{"rendered":"https:\/\/radionoticiascasanare.com\/inicio\/?p=49018"},"modified":"2023-10-31T06:46:49","modified_gmt":"2023-10-31T11:46:49","slug":"segunda-mesa-publica-departamental-del-programa-pae-se-llevara-a-cabo-este-viernes-03-de-noviembre","status":"publish","type":"post","link":"https:\/\/radionoticiascasanare.com\/inicio\/segunda-mesa-publica-departamental-del-programa-pae-se-llevara-a-cabo-este-viernes-03-de-noviembre\/","title":{"rendered":"Segunda Mesa P\u00fablica Departamental del Programa PAE, se llevar\u00e1 a cabo este viernes 03 de noviembre\u00a0"},"content":{"rendered":"<p><img fetchpriority=\"high\" decoding=\"async\" class=\"size-medium wp-image-49019 alignleft\" src=\"https:\/\/radionoticiascasanare.com\/inicio\/wp-content\/uploads\/2023\/10\/Segunda-Mesa-Publica-Departamental-del-Programa-PAE-169x300.jpeg\" alt=\"\" width=\"169\" height=\"300\" srcset=\"https:\/\/radionoticiascasanare.com\/inicio\/wp-content\/uploads\/2023\/10\/Segunda-Mesa-Publica-Departamental-del-Programa-PAE-169x300.jpeg 169w, https:\/\/radionoticiascasanare.com\/inicio\/wp-content\/uploads\/2023\/10\/Segunda-Mesa-Publica-Departamental-del-Programa-PAE-576x1024.jpeg 576w, https:\/\/radionoticiascasanare.com\/inicio\/wp-content\/uploads\/2023\/10\/Segunda-Mesa-Publica-Departamental-del-Programa-PAE-768x1366.jpeg 768w, https:\/\/radionoticiascasanare.com\/inicio\/wp-content\/uploads\/2023\/10\/Segunda-Mesa-Publica-Departamental-del-Programa-PAE-864x1536.jpeg 864w, https:\/\/radionoticiascasanare.com\/inicio\/wp-content\/uploads\/2023\/10\/Segunda-Mesa-Publica-Departamental-del-Programa-PAE.jpeg 899w\" sizes=\"(max-width: 169px) 100vw, 169px\" \/>A partir de las 8:00 a.m. del viernes 03 de noviembre del 2023, la Gobernaci\u00f3n de Casanare a trav\u00e9s de la Secretar\u00eda de Educaci\u00f3n dar\u00e1 inicio a la Segunda Mesa P\u00fablica Departamental del Programa de Alimentaci\u00f3n Escolar PAE en el auditorio de la Biblioteca P\u00fablica Departamental en Yopal.<\/p>\n<p>Este espacio de participaci\u00f3n ciudadana y control social est\u00e1 abierto para toda la comunidad educativa, veedores, entes de control, entre otros actores PAE de los 18 municipios del departamento no certificados en educaci\u00f3n, para el mejoramiento continuo del programa de acceso y permanencia educativa de ni\u00f1os, ni\u00f1as, adolescentes y j\u00f3venes.<\/p>\n<p>Cabe destacar que esta Mesa P\u00fablica del Programa PAE, est\u00e1 reglamentada mediante la Resoluci\u00f3n 0335 del 2021 emanada por la Unidad Administrativa Alimentos para Aprender UAPA y es liderada por la Secretar\u00eda de Educaci\u00f3n de Casanare.<\/p>\n<p>&#8220;Hemos llegado alrededor de 17.800 estudiantes de \u00e1reas rurales, residencias escolares y poblaci\u00f3n ind\u00edgena con este programa que hace parte de las estrategias de permanencia en el aula&#8221;, afirm\u00f3 la secretaria de Educaci\u00f3n del Departamento, Elisabeth Ojeda Rodr\u00edguez.<\/p>\n<p>Con este espacio de di\u00e1logo se espera la participaci\u00f3n presencial y\/o virtual de padres de familia, l\u00edderes, veedur\u00edas, rectores, coordinadores, docentes, representantes de estudiantes, ec\u00f3nomas, operadores, interventor\u00eda, autoridades municipales, adem\u00e1s de entes de control, donde se explicar\u00e1n las generalidades de la ejecuci\u00f3n, operaci\u00f3n y resultados del programa PAE en Casanare.<\/p>\n<p>Fuente y Fotograf\u00eda Gobernaci\u00f3n de Casanare<\/p>\n","protected":false},"excerpt":{"rendered":"<p>A partir de las 8:00 a.m. del viernes 03 de noviembre del 2023, la Gobernaci\u00f3n de Casanare a trav\u00e9s de la Secretar\u00eda de Educaci\u00f3n dar\u00e1 inicio a la Segunda Mesa P\u00fablica Departamental del Programa de Alimentaci\u00f3n Escolar PAE en el auditorio de la Biblioteca P\u00fablica Departamental en Yopal. Este espacio de participaci\u00f3n ciudadana y control [&hellip;]<\/p>\n","protected":false},"author":3,"featured_media":49019,"comment_status":"open","ping_status":"open","sticky":false,"template":"","format":"standard","meta":{"footnotes":""},"categories":[2,66,6171,8492,8493,132,9680],"tags":[3,332,2921,3100,238,415,20269,20379,16],"class_list":["post-49018","post","type-post","status-publish","format-standard","has-post-thumbnail","hentry","category-casanare","category-destacadas","category-educacion","category-noticias-casanare","category-noticias-de-casanare","category-orinoquia","category-region","tag-casanare","tag-gobernacion-de-casanare","tag-pae","tag-programa-de-alimentacion-escolar","tag-radio-noticias-casanare","tag-secretaria-de-educacion","tag-segunda-mesa-publica-departamental","tag-unidad-administrativa-alimentos-para-aprender","tag-yopal"],"_links":{"self":[{"href":"https:\/\/radionoticiascasanare.com\/inicio\/wp-json\/wp\/v2\/posts\/49018","targetHints":{"allow":["GET"]}}],"collection":[{"href":"https:\/\/radionoticiascasanare.com\/inicio\/wp-json\/wp\/v2\/posts"}],"about":[{"href":"https:\/\/radionoticiascasanare.com\/inicio\/wp-json\/wp\/v2\/types\/post"}],"author":[{"embeddable":true,"href":"https:\/\/radionoticiascasanare.com\/inicio\/wp-json\/wp\/v2\/users\/3"}],"replies":[{"embeddable":true,"href":"https:\/\/radionoticiascasanare.com\/inicio\/wp-json\/wp\/v2\/comments?post=49018"}],"version-history":[{"count":1,"href":"https:\/\/radionoticiascasanare.com\/inicio\/wp-json\/wp\/v2\/posts\/49018\/revisions"}],"predecessor-version":[{"id":49020,"href":"https:\/\/radionoticiascasanare.com\/inicio\/wp-json\/wp\/v2\/posts\/49018\/revisions\/49020"}],"wp:featuredmedia":[{"embeddable":true,"href":"https:\/\/radionoticiascasanare.com\/inicio\/wp-json\/wp\/v2\/media\/49019"}],"wp:attachment":[{"href":"https:\/\/radionoticiascasanare.com\/inicio\/wp-json\/wp\/v2\/media?parent=49018"}],"wp:term":[{"taxonomy":"category","embeddable":true,"href":"https:\/\/radionoticiascasanare.com\/inicio\/wp-json\/wp\/v2\/categories?post=49018"},{"taxonomy":"post_tag","embeddable":true,"href":"https:\/\/radionoticiascasanare.com\/inicio\/wp-json\/wp\/v2\/tags?post=49018"}],"curies":[{"name":"wp","href":"https:\/\/api.w.org\/{rel}","templated":true}]}}