{"id":49777,"date":"2023-12-19T06:48:29","date_gmt":"2023-12-19T11:48:29","guid":{"rendered":"https:\/\/radionoticiascasanare.com\/inicio\/?p=49777"},"modified":"2023-12-19T06:48:29","modified_gmt":"2023-12-19T11:48:29","slug":"nina-estuvo-10-dias-abandonada-en-el-aeropuerto-el-dorado","status":"publish","type":"post","link":"https:\/\/radionoticiascasanare.com\/inicio\/nina-estuvo-10-dias-abandonada-en-el-aeropuerto-el-dorado\/","title":{"rendered":"Ni\u00f1a estuvo 10 d\u00edas abandonada en el aeropuerto El Dorado"},"content":{"rendered":"<div class=\"field__item\">\n<div class=\"paragraph paragraph--type--free-text paragraph--view-mode--default\">\n<div class=\"clearfix text-formatted field field--name-field-free-text field--type-text-long field--label-hidden field__item\">\n<figure id=\"attachment_49778\" aria-describedby=\"caption-attachment-49778\" style=\"width: 300px\" class=\"wp-caption alignleft\"><img fetchpriority=\"high\" decoding=\"async\" class=\"size-medium wp-image-49778\" src=\"https:\/\/radionoticiascasanare.com\/inicio\/wp-content\/uploads\/2023\/12\/44753_migracion-colombia-encuentra-a-menor-de-edad-de-guinea_1024x600-300x169.jpeg\" alt=\"\" width=\"300\" height=\"169\" srcset=\"https:\/\/radionoticiascasanare.com\/inicio\/wp-content\/uploads\/2023\/12\/44753_migracion-colombia-encuentra-a-menor-de-edad-de-guinea_1024x600-300x169.jpeg 300w, https:\/\/radionoticiascasanare.com\/inicio\/wp-content\/uploads\/2023\/12\/44753_migracion-colombia-encuentra-a-menor-de-edad-de-guinea_1024x600-768x432.jpeg 768w, https:\/\/radionoticiascasanare.com\/inicio\/wp-content\/uploads\/2023\/12\/44753_migracion-colombia-encuentra-a-menor-de-edad-de-guinea_1024x600.jpeg 1024w\" sizes=\"(max-width: 300px) 100vw, 300px\" \/><figcaption id=\"caption-attachment-49778\" class=\"wp-caption-text\">elnuevosiglo.com<\/figcaption><\/figure>\n<p><strong>En una labor de verificaci\u00f3n llevada a cabo por Migraci\u00f3n Colombia el domingo 17 de diciembre en las salas internacionales del Aeropuerto El Dorado, los oficiales del Grupo de Viajeros en Condiciones Especiales identificaron a una menor de edad de 10 a\u00f1os, nacional de Guinea, quien hab\u00eda sido abandonada por los familiares con quienes viajaba. La ni\u00f1a lleg\u00f3 a Colombia el pasado 7 de diciembre de 2023 en compa\u00f1\u00eda de dos adultos, quienes la dejaron en el Aeropuerto dos d\u00edas despu\u00e9s.<\/strong><\/p>\n<p>La menor de edad fue encontrada por una oficial de Migraci\u00f3n Colombia en uno de los <strong>procesos de verificaci\u00f3n que se realizan en la terminal a\u00e9rea.\u00a0<\/strong>Sin embargo, su ubicaci\u00f3n se vio dificultada debido a que la ni\u00f1a se escond\u00eda debajo de las sillas y se confund\u00eda entre los dem\u00e1s viajeros africanos que arriban al Aeropuerto.<\/p>\n<\/div>\n<\/div>\n<\/div>\n<div class=\"field__item\">\n<div class=\"paragraph paragraph--type--free-text paragraph--view-mode--default\">\n<div class=\"clearfix text-formatted field field--name-field-free-text field--type-text-long field--label-hidden field__item\">\n<p>El Director General de Migraci\u00f3n Colombia, Fernando Garc\u00eda, preciso que tras su localizaci\u00f3n,\u00a0<strong>\u201cactivamos de inmediato la ruta de atenci\u00f3n para menores de edad con el fin de restituir sus derechos\u201d\u00a0<\/strong>. Durante el proceso de verificaci\u00f3n, se confirm\u00f3 que ven\u00eda de Estambul en tr\u00e1nsito a El Salvador. Despu\u00e9s de verificar su situaci\u00f3n migratoria fue trasladada a Sanidad Aeroportuaria, donde indicaron que la ni\u00f1a presentaba una deshidrataci\u00f3n leve, la cual fue tratada, y hoy esta en buenas condiciones de salud.<\/p>\n<div id=\"lx_714267\" class=\"__lxG__multi __lxG__multi_lx_714267 __lxG__geo_co __lxG__multi_align_center __lxG__size_fixed __lxG__rendered_bckp __lxG__not_empty_block\" data-cnt=\"1\" data-original-id=\"717336\" data-base-original-id=\"717335\" data-width=\"1\" data-height=\"1\">\n<div id=\"div-gpt-ad-23023484011-1\" data-google-query-id=\"CM-ersq2m4MDFRnc4wcdvUEHcg\">\n<div id=\"google_ads_iframe_\/45470634,22960557146\/clickio_area_714260_728x90\/clickio_area_714267_728x90_0__container__\"><iframe id=\"google_ads_iframe_\/45470634,22960557146\/clickio_area_714260_728x90\/clickio_area_714267_728x90_0\" tabindex=\"0\" title=\"3rd party ad content\" role=\"region\" src=\"https:\/\/ffa1403bf2ae6603510faf85b34dcb3e.safeframe.googlesyndication.com\/safeframe\/1-0-40\/html\/container.html\" name=\"\" width=\"1\" height=\"1\" frameborder=\"0\" marginwidth=\"0\" marginheight=\"0\" scrolling=\"no\" sandbox=\"allow-forms allow-popups allow-popups-to-escape-sandbox allow-same-origin allow-scripts allow-top-navigation-by-user-activation\" data-is-safeframe=\"true\" aria-label=\"Advertisement\" data-google-container-id=\"e\" data-load-complete=\"true\" data-mce-fragment=\"1\"><\/iframe><\/div>\n<\/div>\n<\/div>\n<\/div>\n<\/div>\n<\/div>\n<div class=\"field__item\">\n<div class=\"paragraph paragraph--type--facebook-twitter paragraph--view-mode--default\">\n<div class=\"clearfix text-formatted field field--name-field-facebook-twitter-embed field--type-text-long field--label-hidden field__item\">\n<div class=\"twitter-tweet twitter-tweet-rendered\"><iframe id=\"twitter-widget-0\" class=\"\" title=\"X Post\" src=\"https:\/\/platform.twitter.com\/embed\/Tweet.html?creatorScreenName=elnuevosiglo&amp;dnt=false&amp;embedId=twitter-widget-0&amp;features=eyJ0ZndfdGltZWxpbmVfbGlzdCI6eyJidWNrZXQiOltdLCJ2ZXJzaW9uIjpudWxsfSwidGZ3X2ZvbGxvd2VyX2NvdW50X3N1bnNldCI6eyJidWNrZXQiOnRydWUsInZlcnNpb24iOm51bGx9LCJ0ZndfdHdlZXRfZWRpdF9iYWNrZW5kIjp7ImJ1Y2tldCI6Im9uIiwidmVyc2lvbiI6bnVsbH0sInRmd19yZWZzcmNfc2Vzc2lvbiI6eyJidWNrZXQiOiJvbiIsInZlcnNpb24iOm51bGx9LCJ0ZndfZm9zbnJfc29mdF9pbnRlcnZlbnRpb25zX2VuYWJsZWQiOnsiYnVja2V0Ijoib24iLCJ2ZXJzaW9uIjpudWxsfSwidGZ3X21peGVkX21lZGlhXzE1ODk3Ijp7ImJ1Y2tldCI6InRyZWF0bWVudCIsInZlcnNpb24iOm51bGx9LCJ0ZndfZXhwZXJpbWVudHNfY29va2llX2V4cGlyYXRpb24iOnsiYnVja2V0IjoxMjA5NjAwLCJ2ZXJzaW9uIjpudWxsfSwidGZ3X3Nob3dfYmlyZHdhdGNoX3Bpdm90c19lbmFibGVkIjp7ImJ1Y2tldCI6Im9uIiwidmVyc2lvbiI6bnVsbH0sInRmd19kdXBsaWNhdGVfc2NyaWJlc190b19zZXR0aW5ncyI6eyJidWNrZXQiOiJvbiIsInZlcnNpb24iOm51bGx9LCJ0ZndfdXNlX3Byb2ZpbGVfaW1hZ2Vfc2hhcGVfZW5hYmxlZCI6eyJidWNrZXQiOiJvbiIsInZlcnNpb24iOm51bGx9LCJ0ZndfdmlkZW9faGxzX2R5bmFtaWNfbWFuaWZlc3RzXzE1MDgyIjp7ImJ1Y2tldCI6InRydWVfYml0cmF0ZSIsInZlcnNpb24iOm51bGx9LCJ0ZndfbGVnYWN5X3RpbWVsaW5lX3N1bnNldCI6eyJidWNrZXQiOnRydWUsInZlcnNpb24iOm51bGx9LCJ0ZndfdHdlZXRfZWRpdF9mcm9udGVuZCI6eyJidWNrZXQiOiJvbiIsInZlcnNpb24iOm51bGx9fQ%3D%3D&amp;frame=false&amp;hideCard=false&amp;hideThread=false&amp;id=1736820563879113091&amp;lang=es&amp;origin=https%3A%2F%2Fwww.elnuevosiglo.com.co%2Fnacion%2Fnina-estuvo-10-dias-abandonada-en-el-aeropuerto-el-dorado&amp;sessionId=803831dc094af2e8aa9d09cf589895d9b2272d63&amp;siteScreenName=elnuevosiglo&amp;theme=light&amp;widgetsVersion=2615f7e52b7e0%3A1702314776716&amp;width=550px\" frameborder=\"0\" scrolling=\"no\" allowfullscreen=\"allowfullscreen\" data-tweet-id=\"1736820563879113091\" data-mce-fragment=\"1\"><\/iframe><\/div>\n<\/div>\n<\/div>\n<\/div>\n<div class=\"field__item\">\n<div class=\"paragraph paragraph--type--free-text paragraph--view-mode--default\">\n<div class=\"clearfix text-formatted field field--name-field-free-text field--type-text-long field--label-hidden field__item\">\n<p>Posteriormente, la ni\u00f1a fue dejada bajo la custodia del Instituto Colombiano de Bienestar Familiar (ICBF), entidad que colabora activamente con la Polic\u00eda de Infancia y Adolescencia, en el manejo de este tipo de situaciones.<\/p>\n<p>Una vez se logre contactar a sus padres o adultos responsables a trav\u00e9s del Consulado de Guinea en Brasil (el m\u00e1s cercano), se adelantar\u00e1n las gestiones pertinentes para que pueda regresar con padres o adultos responsables.<\/p>\n<p>Este caso demuestra el compromiso de Migraci\u00f3n Colombia en la defensa de los derechos humanos, en particular los de los menores de edad. A trav\u00e9s de una efectiva articulaci\u00f3n interinstitucional, la Entidad sigue trabajando para brindar respuestas efectivas en situaciones de vulnerabilidad, para la consolidaci\u00f3n de una Migraci\u00f3n Humana.<\/p>\n<p>Fuente y Fotograf\u00eda Elnuevosiglo.com<\/p>\n<\/div>\n<\/div>\n<\/div>\n","protected":false},"excerpt":{"rendered":"<p>En una labor de verificaci\u00f3n llevada a cabo por Migraci\u00f3n Colombia el domingo 17 de diciembre en las salas internacionales del Aeropuerto El Dorado, los oficiales del Grupo de Viajeros en Condiciones Especiales identificaron a una menor de edad de 10 a\u00f1os, nacional de Guinea, quien hab\u00eda sido abandonada por los familiares con quienes viajaba. [&hellip;]<\/p>\n","protected":false},"author":3,"featured_media":49778,"comment_status":"open","ping_status":"open","sticky":false,"template":"","format":"standard","meta":{"footnotes":""},"categories":[168,51],"tags":[9792,20698,19883,20697,250,748,6176,2265,238,8152],"class_list":["post-49777","post","type-post","status-publish","format-standard","has-post-thumbnail","hentry","category-generales","category-nacional","tag-10-anos","tag-abandonada","tag-aeropuerto-internacional-el-dorado","tag-guinea","tag-icbf","tag-menor-de-edad","tag-migracion-colombia","tag-nacional","tag-radio-noticias-casanare","tag-verificacion"],"_links":{"self":[{"href":"https:\/\/radionoticiascasanare.com\/inicio\/wp-json\/wp\/v2\/posts\/49777","targetHints":{"allow":["GET"]}}],"collection":[{"href":"https:\/\/radionoticiascasanare.com\/inicio\/wp-json\/wp\/v2\/posts"}],"about":[{"href":"https:\/\/radionoticiascasanare.com\/inicio\/wp-json\/wp\/v2\/types\/post"}],"author":[{"embeddable":true,"href":"https:\/\/radionoticiascasanare.com\/inicio\/wp-json\/wp\/v2\/users\/3"}],"replies":[{"embeddable":true,"href":"https:\/\/radionoticiascasanare.com\/inicio\/wp-json\/wp\/v2\/comments?post=49777"}],"version-history":[{"count":1,"href":"https:\/\/radionoticiascasanare.com\/inicio\/wp-json\/wp\/v2\/posts\/49777\/revisions"}],"predecessor-version":[{"id":49779,"href":"https:\/\/radionoticiascasanare.com\/inicio\/wp-json\/wp\/v2\/posts\/49777\/revisions\/49779"}],"wp:featuredmedia":[{"embeddable":true,"href":"https:\/\/radionoticiascasanare.com\/inicio\/wp-json\/wp\/v2\/media\/49778"}],"wp:attachment":[{"href":"https:\/\/radionoticiascasanare.com\/inicio\/wp-json\/wp\/v2\/media?parent=49777"}],"wp:term":[{"taxonomy":"category","embeddable":true,"href":"https:\/\/radionoticiascasanare.com\/inicio\/wp-json\/wp\/v2\/categories?post=49777"},{"taxonomy":"post_tag","embeddable":true,"href":"https:\/\/radionoticiascasanare.com\/inicio\/wp-json\/wp\/v2\/tags?post=49777"}],"curies":[{"name":"wp","href":"https:\/\/api.w.org\/{rel}","templated":true}]}}