{"id":50175,"date":"2024-01-24T07:31:23","date_gmt":"2024-01-24T12:31:23","guid":{"rendered":"https:\/\/radionoticiascasanare.com\/inicio\/?p=50175"},"modified":"2024-01-24T07:31:23","modified_gmt":"2024-01-24T12:31:23","slug":"indagan-presunta-posesion-irregular-del-alcalde-de-tunja","status":"publish","type":"post","link":"https:\/\/radionoticiascasanare.com\/inicio\/indagan-presunta-posesion-irregular-del-alcalde-de-tunja\/","title":{"rendered":"Indagan presunta posesi\u00f3n irregular del alcalde de Tunja"},"content":{"rendered":"<div class=\"field__item\">\n<div class=\"paragraph paragraph--type--free-text paragraph--view-mode--default\">\n<div class=\"clearfix text-formatted field field--name-field-free-text field--type-text-long field--label-hidden field__item\">\n<figure id=\"attachment_50178\" aria-describedby=\"caption-attachment-50178\" style=\"width: 300px\" class=\"wp-caption alignleft\"><img fetchpriority=\"high\" decoding=\"async\" class=\"size-medium wp-image-50178\" src=\"https:\/\/radionoticiascasanare.com\/inicio\/wp-content\/uploads\/2024\/01\/TUNJA-300x200.jpg\" alt=\"\" width=\"300\" height=\"200\" srcset=\"https:\/\/radionoticiascasanare.com\/inicio\/wp-content\/uploads\/2024\/01\/TUNJA-300x200.jpg 300w, https:\/\/radionoticiascasanare.com\/inicio\/wp-content\/uploads\/2024\/01\/TUNJA-768x511.jpg 768w, https:\/\/radionoticiascasanare.com\/inicio\/wp-content\/uploads\/2024\/01\/TUNJA.jpg 804w\" sizes=\"(max-width: 300px) 100vw, 300px\" \/><figcaption id=\"caption-attachment-50178\" class=\"wp-caption-text\">@ElRusoAlcalde-elnuevosiglo.com<\/figcaption><\/figure>\n<p>La Procuradur\u00eda General de la Naci\u00f3n inici\u00f3 indagaci\u00f3n previa respecto a la existencia de una presunta inhabilidad por parte del reci\u00e9n posesionado alcalde de Tunja, Boyac\u00e1, Mikhail Krasnov, para tomar posesi\u00f3n del cargo.<\/p>\n<\/div>\n<\/div>\n<\/div>\n<div class=\"field__item\">\n<div class=\"paragraph paragraph--type--free-text paragraph--view-mode--default\">\n<div class=\"clearfix text-formatted field field--name-field-free-text field--type-text-long field--label-hidden field__item\">\n<p>De acuerdo con una denuncia ciudadana conocida por el Ministerio P\u00fablico, Krasnov habr\u00eda suscrito contrato para dar c\u00e1tedra en la Universidad Pedag\u00f3gica y Tecnol\u00f3gica de Colombia, UPTC, sede Tunja, firmado el 6 de diciembre de 2022, menos de un a\u00f1o antes de que resultara electo como alcalde de la capital boyacense el 29 de octubre de 2023, lo que, de acuerdo con la ley, se constituye en causal de inhabilidad para ejercer el cargo.<\/p>\n<p>As\u00ed mismo se indaga sobre la validez de los tr\u00e1mites hechos por el alcalde, de origen ruso, para lograr la nacionalizaci\u00f3n como ciudadano colombiano.<\/p>\n<p>Entre las pruebas solicitadas por la Procuradur\u00eda est\u00e1n, la copia del citado contrato y los estudios previos para su realizaci\u00f3n, la certificaci\u00f3n del periodo de ejecuci\u00f3n, acta de liquidaci\u00f3n, certificado presupuestal del origen de los recursos, certificaci\u00f3n expedida por el supervisor y \u00f3rdenes de pago entre otras.<\/p>\n<p>Tambi\u00e9n pidi\u00f3 al Ministerio de Relaciones Exteriores copia del acta de naturalizaci\u00f3n del Alcalde como colombiano y que certifique si este ha renunciado a su ciudadan\u00eda de origen.<\/p>\n<p>La Procuradur\u00eda trabaja, desde su misionalidad disciplinaria, para garantizar que los funcionarios p\u00fablicos, incluso los de elecci\u00f3n popular, cumplan a cabalidad con sus deberes frente a la ciudadan\u00eda<\/p>\n<p>Fuente y fotograf\u00eda Elnuevosiglo.com<\/p>\n<\/div>\n<\/div>\n<\/div>\n","protected":false},"excerpt":{"rendered":"<p>La Procuradur\u00eda General de la Naci\u00f3n inici\u00f3 indagaci\u00f3n previa respecto a la existencia de una presunta inhabilidad por parte del reci\u00e9n posesionado alcalde de Tunja, Boyac\u00e1, Mikhail Krasnov, para tomar posesi\u00f3n del cargo. De acuerdo con una denuncia ciudadana conocida por el Ministerio P\u00fablico, Krasnov habr\u00eda suscrito contrato para dar c\u00e1tedra en la Universidad Pedag\u00f3gica [&hellip;]<\/p>\n","protected":false},"author":3,"featured_media":50178,"comment_status":"open","ping_status":"open","sticky":false,"template":"","format":"standard","meta":{"footnotes":""},"categories":[168,51],"tags":[383,20898,4292,3664,20384,2265,6110,238,20383,1842,324],"class_list":["post-50175","post","type-post","status-publish","format-standard","has-post-thumbnail","hentry","category-generales","category-nacional","tag-alcalde","tag-catedra","tag-inhabilidad","tag-irregularidades","tag-mikhail-krasnov","tag-nacional","tag-procuraduria-general-de-la-nacion","tag-radio-noticias-casanare","tag-ruso","tag-tunja","tag-uptc"],"_links":{"self":[{"href":"https:\/\/radionoticiascasanare.com\/inicio\/wp-json\/wp\/v2\/posts\/50175","targetHints":{"allow":["GET"]}}],"collection":[{"href":"https:\/\/radionoticiascasanare.com\/inicio\/wp-json\/wp\/v2\/posts"}],"about":[{"href":"https:\/\/radionoticiascasanare.com\/inicio\/wp-json\/wp\/v2\/types\/post"}],"author":[{"embeddable":true,"href":"https:\/\/radionoticiascasanare.com\/inicio\/wp-json\/wp\/v2\/users\/3"}],"replies":[{"embeddable":true,"href":"https:\/\/radionoticiascasanare.com\/inicio\/wp-json\/wp\/v2\/comments?post=50175"}],"version-history":[{"count":1,"href":"https:\/\/radionoticiascasanare.com\/inicio\/wp-json\/wp\/v2\/posts\/50175\/revisions"}],"predecessor-version":[{"id":50179,"href":"https:\/\/radionoticiascasanare.com\/inicio\/wp-json\/wp\/v2\/posts\/50175\/revisions\/50179"}],"wp:featuredmedia":[{"embeddable":true,"href":"https:\/\/radionoticiascasanare.com\/inicio\/wp-json\/wp\/v2\/media\/50178"}],"wp:attachment":[{"href":"https:\/\/radionoticiascasanare.com\/inicio\/wp-json\/wp\/v2\/media?parent=50175"}],"wp:term":[{"taxonomy":"category","embeddable":true,"href":"https:\/\/radionoticiascasanare.com\/inicio\/wp-json\/wp\/v2\/categories?post=50175"},{"taxonomy":"post_tag","embeddable":true,"href":"https:\/\/radionoticiascasanare.com\/inicio\/wp-json\/wp\/v2\/tags?post=50175"}],"curies":[{"name":"wp","href":"https:\/\/api.w.org\/{rel}","templated":true}]}}