{"id":50305,"date":"2024-02-02T05:53:21","date_gmt":"2024-02-02T10:53:21","guid":{"rendered":"https:\/\/radionoticiascasanare.com\/inicio\/?p=50305"},"modified":"2024-02-02T05:53:21","modified_gmt":"2024-02-02T10:53:21","slug":"se-realizo-segunda-sesion-del-puesto-de-mando-unificado-pmu-por-fenomeno-el-nino-en-casanare","status":"publish","type":"post","link":"https:\/\/radionoticiascasanare.com\/inicio\/se-realizo-segunda-sesion-del-puesto-de-mando-unificado-pmu-por-fenomeno-el-nino-en-casanare\/","title":{"rendered":"Se realiz\u00f3 segunda sesi\u00f3n del Puesto de Mando Unificado (PMU) por fen\u00f3meno El Ni\u00f1o en Casanare"},"content":{"rendered":"<div><img fetchpriority=\"high\" decoding=\"async\" class=\"size-medium wp-image-50307 alignleft\" src=\"https:\/\/radionoticiascasanare.com\/inicio\/wp-content\/uploads\/2024\/02\/2da-sesion-del-Puesto-de-Mando-Unificado-PMU-por-fenomeno-El-Nino-en-Casanare-3-300x216.jpeg\" alt=\"\" width=\"300\" height=\"216\" srcset=\"https:\/\/radionoticiascasanare.com\/inicio\/wp-content\/uploads\/2024\/02\/2da-sesion-del-Puesto-de-Mando-Unificado-PMU-por-fenomeno-El-Nino-en-Casanare-3-300x216.jpeg 300w, https:\/\/radionoticiascasanare.com\/inicio\/wp-content\/uploads\/2024\/02\/2da-sesion-del-Puesto-de-Mando-Unificado-PMU-por-fenomeno-El-Nino-en-Casanare-3-1024x736.jpeg 1024w, https:\/\/radionoticiascasanare.com\/inicio\/wp-content\/uploads\/2024\/02\/2da-sesion-del-Puesto-de-Mando-Unificado-PMU-por-fenomeno-El-Nino-en-Casanare-3-768x552.jpeg 768w, https:\/\/radionoticiascasanare.com\/inicio\/wp-content\/uploads\/2024\/02\/2da-sesion-del-Puesto-de-Mando-Unificado-PMU-por-fenomeno-El-Nino-en-Casanare-3-1536x1104.jpeg 1536w, https:\/\/radionoticiascasanare.com\/inicio\/wp-content\/uploads\/2024\/02\/2da-sesion-del-Puesto-de-Mando-Unificado-PMU-por-fenomeno-El-Nino-en-Casanare-3.jpeg 1566w\" sizes=\"(max-width: 300px) 100vw, 300px\" \/>\u2022\u2002\u2002\u2002\u2002\u2002324 incendios forestales y quemas prohibidas, han afectado 7.000 hect\u00e1reas de vegetaci\u00f3n<\/div>\n<div>\u2022\u2002\u2002\u2002\u2002\u2002Se lanz\u00f3 la campa\u00f1a comunicativa: #NOfuegoConElNi\u00f1o<\/div>\n<div>\u2022\u2002\u2002\u2002\u2002\u2002Este s\u00e1bado, se certifican dos pelotones del Ej\u00e9rcito Nacional, para combatir el fuego.<\/div>\n<div>\u2022\u2002\u2002\u2002\u2002\u2002Se trabaja en la consolidaci\u00f3n de las necesidades, ante declaratoria de desastre nacional.<\/div>\n<div>\u2022\u2002\u2002\u2002\u2002\u2002Inicia un ciclo de capacitaciones para fortalecer la respuesta a emergencias en cada municipio.<\/div>\n<div>\u2022\u2002\u2002\u2002\u2002\u2002El gobernador convoc\u00f3 de manera extraordinaria al Consejo Departamental de Gesti\u00f3n del Riesgo de Desastres en pleno<\/div>\n<div><\/div>\n<div>El Puesto de Mando Unificado (PMU) liderado por la Direcci\u00f3n Departamental de Gesti\u00f3n del Riesgo de Desastres \u00a0de la Gobernaci\u00f3n de Casanare, present\u00f3 los avances en la prevenci\u00f3n y atenci\u00f3n de los eventos derivados del fen\u00f3meno El Ni\u00f1o, que han generado preocupaci\u00f3n en la regi\u00f3n.<\/div>\n<div><\/div>\n<div>Durante el monitoreo y respuesta continua a las conflagraciones, se presenta un consolidado de 324 eventos, entre incendios forestales y quemas prohibidas, afectando aproximadamente 7.000 hect\u00e1reas de vegetaci\u00f3n. Ante esta situaci\u00f3n cr\u00edtica, se ha lanzado la campa\u00f1a comunicativa #NOfuegoConElNi\u00f1o, buscando concientizar a la comunidad sobre la importancia de prevenir estos incidentes.<\/div>\n<div><\/div>\n<div>En un esfuerzo conjunto, entre las entidades que conforman el PMU, y bajo el liderazgo del gobernador C\u00e9sar Ortiz Zorro, este s\u00e1bado se certificar\u00e1n dos pelotones del Ej\u00e9rcito Nacional, quienes se sumar\u00e1n a las labores para combatir el fuego, fortaleciendo as\u00ed las capacidades de respuesta ante esta emergencia ambiental.<\/div>\n<div><\/div>\n<div>Adicionalmente, se est\u00e1 trabajando en la consolidaci\u00f3n de las necesidades prioritarias, en respuesta a la declaratoria de desastre nacional. Este proceso busca que el gobierno de Gustavo Petro, incorpore al Plan de Acci\u00f3n Espec\u00edfico, las necesidades m\u00e1s sentidas en cuanto a desabastecimiento de agua y respuesta a incendios forestales en Casanare.<\/div>\n<div><\/div>\n<div>Con el objetivo de fortalecer la respuesta a emergencias en cada municipio, se ha iniciado un ciclo de capacitaciones que realizar\u00e1 el ingeniero Guillermo Velandia, director de Gesti\u00f3n del Riesgo de Desastres del departamento. Esta medida busca apoyar a las autoridades locales, dot\u00e1ndolas de herramientas y conocimientos para afrontar situaciones de crisis de manera m\u00e1s efectiva.<\/div>\n<div><\/div>\n<div>En relaci\u00f3n a la situaci\u00f3n de la sequ\u00eda, el gobernador de Casanare ha convocado de manera extraordinaria al Consejo Departamental de Gesti\u00f3n del Riesgo de Desastres en pleno para este viernes. La convocatoria responde a la necesidad de aunar m\u00e1s esfuerzos para enfrentar el fen\u00f3meno natural.<\/div>\n<div><\/div>\n<div>Fuente y Fotograf\u00eda Gobernaci\u00f3n de Casanare<\/div>\n","protected":false},"excerpt":{"rendered":"<p>\u2022\u2002\u2002\u2002\u2002\u2002324 incendios forestales y quemas prohibidas, han afectado 7.000 hect\u00e1reas de vegetaci\u00f3n \u2022\u2002\u2002\u2002\u2002\u2002Se lanz\u00f3 la campa\u00f1a comunicativa: #NOfuegoConElNi\u00f1o \u2022\u2002\u2002\u2002\u2002\u2002Este s\u00e1bado, se certifican dos pelotones del Ej\u00e9rcito Nacional, para combatir el fuego. \u2022\u2002\u2002\u2002\u2002\u2002Se trabaja en la consolidaci\u00f3n de las necesidades, ante declaratoria de desastre nacional. \u2022\u2002\u2002\u2002\u2002\u2002Inicia un ciclo de capacitaciones para fortalecer la respuesta a emergencias [&hellip;]<\/p>\n","protected":false},"author":3,"featured_media":50307,"comment_status":"open","ping_status":"open","sticky":false,"template":"","format":"standard","meta":{"footnotes":""},"categories":[2,66,8492,8493,132,9680],"tags":[3,7245,332,445,20955,238],"class_list":["post-50305","post","type-post","status-publish","format-standard","has-post-thumbnail","hentry","category-casanare","category-destacadas","category-noticias-casanare","category-noticias-de-casanare","category-orinoquia","category-region","tag-casanare","tag-fenomeno-el-nino","tag-gobernacion-de-casanare","tag-incendios-forestales","tag-mando-unificado","tag-radio-noticias-casanare"],"_links":{"self":[{"href":"https:\/\/radionoticiascasanare.com\/inicio\/wp-json\/wp\/v2\/posts\/50305","targetHints":{"allow":["GET"]}}],"collection":[{"href":"https:\/\/radionoticiascasanare.com\/inicio\/wp-json\/wp\/v2\/posts"}],"about":[{"href":"https:\/\/radionoticiascasanare.com\/inicio\/wp-json\/wp\/v2\/types\/post"}],"author":[{"embeddable":true,"href":"https:\/\/radionoticiascasanare.com\/inicio\/wp-json\/wp\/v2\/users\/3"}],"replies":[{"embeddable":true,"href":"https:\/\/radionoticiascasanare.com\/inicio\/wp-json\/wp\/v2\/comments?post=50305"}],"version-history":[{"count":1,"href":"https:\/\/radionoticiascasanare.com\/inicio\/wp-json\/wp\/v2\/posts\/50305\/revisions"}],"predecessor-version":[{"id":50309,"href":"https:\/\/radionoticiascasanare.com\/inicio\/wp-json\/wp\/v2\/posts\/50305\/revisions\/50309"}],"wp:featuredmedia":[{"embeddable":true,"href":"https:\/\/radionoticiascasanare.com\/inicio\/wp-json\/wp\/v2\/media\/50307"}],"wp:attachment":[{"href":"https:\/\/radionoticiascasanare.com\/inicio\/wp-json\/wp\/v2\/media?parent=50305"}],"wp:term":[{"taxonomy":"category","embeddable":true,"href":"https:\/\/radionoticiascasanare.com\/inicio\/wp-json\/wp\/v2\/categories?post=50305"},{"taxonomy":"post_tag","embeddable":true,"href":"https:\/\/radionoticiascasanare.com\/inicio\/wp-json\/wp\/v2\/tags?post=50305"}],"curies":[{"name":"wp","href":"https:\/\/api.w.org\/{rel}","templated":true}]}}