{"id":50442,"date":"2024-02-13T06:11:21","date_gmt":"2024-02-13T11:11:21","guid":{"rendered":"https:\/\/radionoticiascasanare.com\/inicio\/?p=50442"},"modified":"2024-02-13T06:11:21","modified_gmt":"2024-02-13T11:11:21","slug":"anaconda-verde-unica-en-colombia-y-rescatada-por-cormacarena-esta-en-el-bioparque-los-ocarros","status":"publish","type":"post","link":"https:\/\/radionoticiascasanare.com\/inicio\/anaconda-verde-unica-en-colombia-y-rescatada-por-cormacarena-esta-en-el-bioparque-los-ocarros\/","title":{"rendered":"Anaconda verde \u00fanica en Colombia y rescatada por Cormacarena, est\u00e1 en el Bioparque Los Ocarros"},"content":{"rendered":"<p style=\"font-weight: 400;\"><img fetchpriority=\"high\" decoding=\"async\" class=\"size-medium wp-image-50444 alignleft\" src=\"https:\/\/radionoticiascasanare.com\/inicio\/wp-content\/uploads\/2024\/02\/5b75fe5b-1f17-4e03-94d3-121551bba0dd-300x225.jpg\" alt=\"\" width=\"300\" height=\"225\" srcset=\"https:\/\/radionoticiascasanare.com\/inicio\/wp-content\/uploads\/2024\/02\/5b75fe5b-1f17-4e03-94d3-121551bba0dd-300x225.jpg 300w, https:\/\/radionoticiascasanare.com\/inicio\/wp-content\/uploads\/2024\/02\/5b75fe5b-1f17-4e03-94d3-121551bba0dd-1024x768.jpg 1024w, https:\/\/radionoticiascasanare.com\/inicio\/wp-content\/uploads\/2024\/02\/5b75fe5b-1f17-4e03-94d3-121551bba0dd-768x576.jpg 768w, https:\/\/radionoticiascasanare.com\/inicio\/wp-content\/uploads\/2024\/02\/5b75fe5b-1f17-4e03-94d3-121551bba0dd-1536x1152.jpg 1536w, https:\/\/radionoticiascasanare.com\/inicio\/wp-content\/uploads\/2024\/02\/5b75fe5b-1f17-4e03-94d3-121551bba0dd-2048x1536.jpg 2048w\" sizes=\"(max-width: 300px) 100vw, 300px\" \/>Tras varios meses de recuperaci\u00f3n, rehabilitaci\u00f3n y los cuidados necesarios, una anaconda verde con coloraci\u00f3n amarilla, que fue atacada en su cabeza y en su cuerpo, ya se encuentra en mejores condiciones y hace parte del plan de colecci\u00f3n del Bioparque Los Ocarros, de Villavicencio.<\/p>\n<p style=\"font-weight: 400;\">Jhorman Salda\u00f1a director de Cormacarena expres\u00f3 que esta serpiente es \u00fanica en Colombia y la hace muy especial su pigmentaci\u00f3n o coloraci\u00f3n amarilla, sin embargo, debido a la gravedad de sus fracturas, por el momento no es apta para su liberaci\u00f3n en un entorno natural.<\/p>\n<p style=\"font-weight: 400;\">\u201cAtendimos el caso de esta anaconda verde a trav\u00e9s de la ambulancia, luego fue trasladada al Centro de Atenci\u00f3n y Valoraci\u00f3n Veterinaria en el Bioparque Los Ocarros, donde se viene recuperando satisfactoriamente\u201d, a\u00f1adi\u00f3 Salda\u00f1a.<\/p>\n<p style=\"font-weight: 400;\">Igualmente, hizo extensiva la invitaci\u00f3n a propios y visitantes para que visiten el Bioparque Los Ocarros, conozcan esta especie, sus incre\u00edbles procesos de recuperaci\u00f3n, su estado de conservaci\u00f3n y desde luego, adoptemos el compromiso de preservar la fauna silvestre.<\/p>\n<p style=\"font-weight: 400;\">Los Ocarros se encuentra abierto de lunes a domingo de 9:00 de la ma\u00f1ana a 4:00 de la tarde y las entradas las pueden adquirir en la taquilla. En este lugar podr\u00e1n encontrar fauna end\u00e9mica del departamento, como monos de diferentes tipos, aves, felinos, nutrias, cocodrilos, el oso andino, entre otros animales que son parte de nuestra rica biodiversidad.<\/p>\n<p style=\"font-weight: 400;\">Fuente y Fotograf\u00eda Cormacarena<\/p>\n","protected":false},"excerpt":{"rendered":"<p>Tras varios meses de recuperaci\u00f3n, rehabilitaci\u00f3n y los cuidados necesarios, una anaconda verde con coloraci\u00f3n amarilla, que fue atacada en su cabeza y en su cuerpo, ya se encuentra en mejores condiciones y hace parte del plan de colecci\u00f3n del Bioparque Los Ocarros, de Villavicencio. Jhorman Salda\u00f1a director de Cormacarena expres\u00f3 que esta serpiente es [&hellip;]<\/p>\n","protected":false},"author":3,"featured_media":50444,"comment_status":"open","ping_status":"open","sticky":false,"template":"","format":"standard","meta":{"footnotes":""},"categories":[168,51,132,9680],"tags":[20380,934,732,2265,21033,238,901,795],"class_list":["post-50442","post","type-post","status-publish","format-standard","has-post-thumbnail","hentry","category-generales","category-nacional","category-orinoquia","category-region","tag-anaconda-verde","tag-cormacarena","tag-meta","tag-nacional","tag-parque-los-ocarros","tag-radio-noticias-casanare","tag-rescate","tag-villavicencio"],"_links":{"self":[{"href":"https:\/\/radionoticiascasanare.com\/inicio\/wp-json\/wp\/v2\/posts\/50442","targetHints":{"allow":["GET"]}}],"collection":[{"href":"https:\/\/radionoticiascasanare.com\/inicio\/wp-json\/wp\/v2\/posts"}],"about":[{"href":"https:\/\/radionoticiascasanare.com\/inicio\/wp-json\/wp\/v2\/types\/post"}],"author":[{"embeddable":true,"href":"https:\/\/radionoticiascasanare.com\/inicio\/wp-json\/wp\/v2\/users\/3"}],"replies":[{"embeddable":true,"href":"https:\/\/radionoticiascasanare.com\/inicio\/wp-json\/wp\/v2\/comments?post=50442"}],"version-history":[{"count":1,"href":"https:\/\/radionoticiascasanare.com\/inicio\/wp-json\/wp\/v2\/posts\/50442\/revisions"}],"predecessor-version":[{"id":50446,"href":"https:\/\/radionoticiascasanare.com\/inicio\/wp-json\/wp\/v2\/posts\/50442\/revisions\/50446"}],"wp:featuredmedia":[{"embeddable":true,"href":"https:\/\/radionoticiascasanare.com\/inicio\/wp-json\/wp\/v2\/media\/50444"}],"wp:attachment":[{"href":"https:\/\/radionoticiascasanare.com\/inicio\/wp-json\/wp\/v2\/media?parent=50442"}],"wp:term":[{"taxonomy":"category","embeddable":true,"href":"https:\/\/radionoticiascasanare.com\/inicio\/wp-json\/wp\/v2\/categories?post=50442"},{"taxonomy":"post_tag","embeddable":true,"href":"https:\/\/radionoticiascasanare.com\/inicio\/wp-json\/wp\/v2\/tags?post=50442"}],"curies":[{"name":"wp","href":"https:\/\/api.w.org\/{rel}","templated":true}]}}