{"id":50634,"date":"2024-02-26T06:46:12","date_gmt":"2024-02-26T11:46:12","guid":{"rendered":"https:\/\/radionoticiascasanare.com\/inicio\/?p=50634"},"modified":"2024-02-26T06:46:12","modified_gmt":"2024-02-26T11:46:12","slug":"elaborar-estudio-en-la-busqueda-de-ampliar-la-planta-docente-el-reto-del-secretario-de-educacion-de-yopal","status":"publish","type":"post","link":"https:\/\/radionoticiascasanare.com\/inicio\/elaborar-estudio-en-la-busqueda-de-ampliar-la-planta-docente-el-reto-del-secretario-de-educacion-de-yopal\/","title":{"rendered":"Elaborar estudio en la b\u00fasqueda de ampliar la planta docente: el reto del secretario de Educaci\u00f3n de Yopal"},"content":{"rendered":"<p><img fetchpriority=\"high\" decoding=\"async\" class=\"size-medium wp-image-50636 alignleft\" src=\"https:\/\/radionoticiascasanare.com\/inicio\/wp-content\/uploads\/2024\/02\/ENCUENTRO-DE-SECRETARIOS-DEL-PAIS-3-300x200.jpeg\" alt=\"\" width=\"300\" height=\"200\" srcset=\"https:\/\/radionoticiascasanare.com\/inicio\/wp-content\/uploads\/2024\/02\/ENCUENTRO-DE-SECRETARIOS-DEL-PAIS-3-300x200.jpeg 300w, https:\/\/radionoticiascasanare.com\/inicio\/wp-content\/uploads\/2024\/02\/ENCUENTRO-DE-SECRETARIOS-DEL-PAIS-3-1024x682.jpeg 1024w, https:\/\/radionoticiascasanare.com\/inicio\/wp-content\/uploads\/2024\/02\/ENCUENTRO-DE-SECRETARIOS-DEL-PAIS-3-768x511.jpeg 768w, https:\/\/radionoticiascasanare.com\/inicio\/wp-content\/uploads\/2024\/02\/ENCUENTRO-DE-SECRETARIOS-DEL-PAIS-3.jpeg 1080w\" sizes=\"(max-width: 300px) 100vw, 300px\" \/>Aprovechando el espacio que se dio en Villa de Leyva, en el Primer Encuentro de Secretarios de Educaci\u00f3n del pa\u00eds y la Ministra del sector, Aurora Vergara, el secretario de Educaci\u00f3n David D\u00edaz S\u00e1nchez, dio a conocer varias de las dificultades que como entidad territorial, se tiene por la falta de recursos y de talento humano, para brindar mejores condiciones en la tarea de administrar el servicio educativo en la capital del departamento.<\/p>\n<p>Una de los primeros logros, es que \u00a0vendr\u00e1 a Yopal,\u00a0 un equipo del \u00e1rea de recursos humanos del Ministerio de Educaci\u00f3n, con el fin de orientar a funcionarios de la Secretar\u00eda de Educaci\u00f3n del municipio, en el inicio del estudio que determinar\u00e1 si es viable, ampliar la planta de docentes de esta entidad territorial.<\/p>\n<p>Pero adem\u00e1s se contar\u00e1 con la asesor\u00eda del Ministerio para formular proyectos enfocados a mejorar la infraestructura de las instituciones educativas de Yopal y adem\u00e1s, ya se cuenta con un espacio para continuar la gesti\u00f3n\u00a0 con la Unidad de Alimentos para Aprender -UAPA-, para contar con los recursos que se requieren para culminar la prestaci\u00f3n del servicio del Programa de Alimentaci\u00f3n Escolar hasta el \u00faltimo d\u00eda de clases.<\/p>\n<p><b>Mensajes del Ministerio<\/b><\/p>\n<p>En este encuentro primer encuentro que se sostuvo\u00a0 con los representantes de las entidades territoriales del pa\u00eds, Aurora Vergara, Ministra de Educaci\u00f3n, recomend\u00f3 continuar trabajando de manera articulada, para potenciar la innovaci\u00f3n educativa y de esa manera seguir mitigando los rezagos de aprendizaje que dej\u00f3 la pandemia, esto para ir cerrando brechas de desigualdad en materia educativa.<\/p>\n<p>El objetivo principal de este encuentro, fue presentar las grandes apuestas que tiene el Ministerio de Educaci\u00f3n y trabajar en prop\u00f3sitos comunes en la b\u00fasqueda de una formaci\u00f3n integral; en mejoras a la infraestructura educativa; el tr\u00e1nsito inmediato y acceso a la educaci\u00f3n superior; as\u00ed como la dignificaci\u00f3n de la labor docente y la universalidad del programa de alimentaci\u00f3n escolar, entre otros.<\/p>\n<p>Fuente y Fotograf\u00eda Alcald\u00eda de Yopal<\/p>\n","protected":false},"excerpt":{"rendered":"<p>Aprovechando el espacio que se dio en Villa de Leyva, en el Primer Encuentro de Secretarios de Educaci\u00f3n del pa\u00eds y la Ministra del sector, Aurora Vergara, el secretario de Educaci\u00f3n David D\u00edaz S\u00e1nchez, dio a conocer varias de las dificultades que como entidad territorial, se tiene por la falta de recursos y de talento [&hellip;]<\/p>\n","protected":false},"author":3,"featured_media":50636,"comment_status":"open","ping_status":"open","sticky":false,"template":"","format":"standard","meta":{"footnotes":""},"categories":[2,66,6171,8492,8493,132,9680],"tags":[237,3,970,1171,263,238,1246,415,16],"class_list":["post-50634","post","type-post","status-publish","format-standard","has-post-thumbnail","hentry","category-casanare","category-destacadas","category-educacion","category-noticias-casanare","category-noticias-de-casanare","category-orinoquia","category-region","tag-alcaldia-de-yopal","tag-casanare","tag-docentes","tag-infraestructura","tag-ministerio-de-educacion","tag-radio-noticias-casanare","tag-retos","tag-secretaria-de-educacion","tag-yopal"],"_links":{"self":[{"href":"https:\/\/radionoticiascasanare.com\/inicio\/wp-json\/wp\/v2\/posts\/50634","targetHints":{"allow":["GET"]}}],"collection":[{"href":"https:\/\/radionoticiascasanare.com\/inicio\/wp-json\/wp\/v2\/posts"}],"about":[{"href":"https:\/\/radionoticiascasanare.com\/inicio\/wp-json\/wp\/v2\/types\/post"}],"author":[{"embeddable":true,"href":"https:\/\/radionoticiascasanare.com\/inicio\/wp-json\/wp\/v2\/users\/3"}],"replies":[{"embeddable":true,"href":"https:\/\/radionoticiascasanare.com\/inicio\/wp-json\/wp\/v2\/comments?post=50634"}],"version-history":[{"count":1,"href":"https:\/\/radionoticiascasanare.com\/inicio\/wp-json\/wp\/v2\/posts\/50634\/revisions"}],"predecessor-version":[{"id":50638,"href":"https:\/\/radionoticiascasanare.com\/inicio\/wp-json\/wp\/v2\/posts\/50634\/revisions\/50638"}],"wp:featuredmedia":[{"embeddable":true,"href":"https:\/\/radionoticiascasanare.com\/inicio\/wp-json\/wp\/v2\/media\/50636"}],"wp:attachment":[{"href":"https:\/\/radionoticiascasanare.com\/inicio\/wp-json\/wp\/v2\/media?parent=50634"}],"wp:term":[{"taxonomy":"category","embeddable":true,"href":"https:\/\/radionoticiascasanare.com\/inicio\/wp-json\/wp\/v2\/categories?post=50634"},{"taxonomy":"post_tag","embeddable":true,"href":"https:\/\/radionoticiascasanare.com\/inicio\/wp-json\/wp\/v2\/tags?post=50634"}],"curies":[{"name":"wp","href":"https:\/\/api.w.org\/{rel}","templated":true}]}}