{"id":50765,"date":"2024-03-04T06:46:16","date_gmt":"2024-03-04T11:46:16","guid":{"rendered":"https:\/\/radionoticiascasanare.com\/inicio\/?p=50765"},"modified":"2024-03-04T06:46:16","modified_gmt":"2024-03-04T11:46:16","slug":"entra-en-erupcion-volcan-en-la-isla-de-galapagos-ecuador","status":"publish","type":"post","link":"https:\/\/radionoticiascasanare.com\/inicio\/entra-en-erupcion-volcan-en-la-isla-de-galapagos-ecuador\/","title":{"rendered":"Entra en erupci\u00f3n volc\u00e1n en la Isla de Gal\u00e1pagos, Ecuador"},"content":{"rendered":"<div class=\"field__item\">\n<div class=\"paragraph paragraph--type--free-text paragraph--view-mode--default\">\n<div class=\"clearfix text-formatted field field--name-field-free-text field--type-text-long field--label-hidden field__item\">\n<figure id=\"attachment_50766\" aria-describedby=\"caption-attachment-50766\" style=\"width: 300px\" class=\"wp-caption alignleft\"><img fetchpriority=\"high\" decoding=\"async\" class=\"size-medium wp-image-50766\" src=\"https:\/\/radionoticiascasanare.com\/inicio\/wp-content\/uploads\/2024\/03\/5f28abfbded11b52ed84ed738c876205f9a86de2-300x169.webp\" alt=\"\" width=\"300\" height=\"169\" srcset=\"https:\/\/radionoticiascasanare.com\/inicio\/wp-content\/uploads\/2024\/03\/5f28abfbded11b52ed84ed738c876205f9a86de2-300x169.webp 300w, https:\/\/radionoticiascasanare.com\/inicio\/wp-content\/uploads\/2024\/03\/5f28abfbded11b52ed84ed738c876205f9a86de2-768x432.webp 768w, https:\/\/radionoticiascasanare.com\/inicio\/wp-content\/uploads\/2024\/03\/5f28abfbded11b52ed84ed738c876205f9a86de2.webp 980w\" sizes=\"(max-width: 300px) 100vw, 300px\" \/><figcaption id=\"caption-attachment-50766\" class=\"wp-caption-text\">AFP-elnuevosiglo.com<\/figcaption><\/figure>\n<p>El volc\u00e1n La Cumbre de la deshabitada isla Fernandina, en el tur\u00edstico archipi\u00e9lago ecuatoriano de Gal\u00e1pagos y que ha erupcionado tres veces desde 2017, empez\u00f3 nuevamente a arrojar lava, inform\u00f3 el domingo el estatal Instituto Geof\u00edsico.<\/p>\n<\/div>\n<\/div>\n<\/div>\n<div class=\"field__item\">\n<div class=\"paragraph paragraph--type--free-text paragraph--view-mode--default\">\n<div class=\"clearfix text-formatted field field--name-field-free-text field--type-text-long field--label-hidden field__item\">\n<p>El s\u00e1bado por la noche se registr\u00f3 &#8220;una anomal\u00eda t\u00e9rmica y una emisi\u00f3n de gas indicando el inicio de un proceso eruptivo&#8221; en La Cumbre, de 1.463 metros de altura, se\u00f1al\u00f3 el organismo en sendos comunicados.<\/p>\n<div id=\"lx_714267\" class=\"__lxG__multi __lxG__multi_lx_714267 __lxG__geo_co __lxG__multi_align_center __lxG__size_fixed __lxG__rendered_hb_prebid __lxG__not_empty_block\" data-cnt=\"1\" data-original-id=\"717336\" data-base-original-id=\"717335\"><\/div>\n<p>Una nube de gas, sin mayor contenido de ceniza y que alcanz\u00f3 hasta los tres km de altura sobre la cima, fue desplazada por el viento &#8220;sin sobrepasar poblaciones&#8221; de otras islas con asentamientos humanos como la vecina Isabela, agreg\u00f3.<\/p>\n<p>El Geof\u00edsico indic\u00f3 que videos compartidos en redes sociales confirman la erupci\u00f3n desde una fisura circunferencial en el flanco sur de \u00fanico volc\u00e1n de Fernandina, ubicada al oeste de Gal\u00e1pagos, patrimonio natural de la humanidad.<\/p>\n<p>La Cumbre ha erupcionado en total cuatro veces en casi ocho a\u00f1os. La anterior fue en enero de 2020, cuando la actividad dur\u00f3 unas nueve horas.<\/p>\n<p>&#8220;No se puede predecir con precisi\u00f3n la duraci\u00f3n de la erupci\u00f3n, ni si alcanzar\u00e1 la orilla del mar, pero seg\u00fan los datos de la deformaci\u00f3n del volc\u00e1n acumulada desde el \u00faltimo per\u00edodo eruptivo, es probable que la actual sea mayor que las observadas en 2017, 2018 y 2020&#8221;, detall\u00f3 el Geof\u00edsico.<\/p>\n<p>Recomend\u00f3 a los turistas permanecer alejados si los flujos de lava ingresan al mar debido a que se pueden producir explosiones peque\u00f1as y la liberaci\u00f3n de gases t\u00f3xicos. Fernandina cuenta con un punto de visita para paseantes.<\/p>\n<p>Con entre 28 y 30 erupciones registradas desde 1.800, La Cumbre tiene la mayor tasa de recurrencia de erupciones en el tur\u00edstico archipi\u00e9lago ecuatoriano.<\/p>\n<p>Fernandina, en el extremo occidental de Gal\u00e1pagos y con un \u00e1rea de 638 km2, posee una especie de iguana amarilla terrestre end\u00e9mica (Conolophus subcristatus), cuya poblaci\u00f3n ha crecido a pesar de estar amenazada por las erupciones volc\u00e1nicas.<\/p>\n<p>En 2019 fue hallada all\u00ed una tortuga hembra de Chelonoidis phantasticus, especie que se cre\u00eda extinta durante el \u00faltimo siglo.<\/p>\n<p>Gal\u00e1pagos, a 1.000 km de la costa de Ecuador y que toma el nombre de las tortugas gigantes que habitan all\u00ed, sirvi\u00f3 al naturalista ingl\u00e9s Charles Darwin para que desarrollara la teor\u00eda sobre la evoluci\u00f3n de las especies.<\/p>\n<p>Adem\u00e1s es parte de la reserva de la bi\u00f3sfera, posee flora y fauna \u00fanicas en el mundo y su ecosistema es delicado.<\/p>\n<p>Fuente y Fotograf\u00eda Elnuevosiglo.com<\/p>\n<\/div>\n<\/div>\n<\/div>\n","protected":false},"excerpt":{"rendered":"<p>El volc\u00e1n La Cumbre de la deshabitada isla Fernandina, en el tur\u00edstico archipi\u00e9lago ecuatoriano de Gal\u00e1pagos y que ha erupcionado tres veces desde 2017, empez\u00f3 nuevamente a arrojar lava, inform\u00f3 el domingo el estatal Instituto Geof\u00edsico. El s\u00e1bado por la noche se registr\u00f3 &#8220;una anomal\u00eda t\u00e9rmica y una emisi\u00f3n de gas indicando el inicio de [&hellip;]<\/p>\n","protected":false},"author":3,"featured_media":50766,"comment_status":"open","ping_status":"open","sticky":false,"template":"","format":"standard","meta":{"footnotes":""},"categories":[168,85],"tags":[21177,701,654,21178,21176,21175,238,19128],"class_list":["post-50765","post","type-post","status-publish","format-standard","has-post-thumbnail","hentry","category-generales","category-internacional","tag-archipielago","tag-ecuador","tag-internacional","tag-isla-de-galapagos","tag-isla-fernandina","tag-la-cumbre","tag-radio-noticias-casanare","tag-volcan"],"_links":{"self":[{"href":"https:\/\/radionoticiascasanare.com\/inicio\/wp-json\/wp\/v2\/posts\/50765","targetHints":{"allow":["GET"]}}],"collection":[{"href":"https:\/\/radionoticiascasanare.com\/inicio\/wp-json\/wp\/v2\/posts"}],"about":[{"href":"https:\/\/radionoticiascasanare.com\/inicio\/wp-json\/wp\/v2\/types\/post"}],"author":[{"embeddable":true,"href":"https:\/\/radionoticiascasanare.com\/inicio\/wp-json\/wp\/v2\/users\/3"}],"replies":[{"embeddable":true,"href":"https:\/\/radionoticiascasanare.com\/inicio\/wp-json\/wp\/v2\/comments?post=50765"}],"version-history":[{"count":1,"href":"https:\/\/radionoticiascasanare.com\/inicio\/wp-json\/wp\/v2\/posts\/50765\/revisions"}],"predecessor-version":[{"id":50767,"href":"https:\/\/radionoticiascasanare.com\/inicio\/wp-json\/wp\/v2\/posts\/50765\/revisions\/50767"}],"wp:featuredmedia":[{"embeddable":true,"href":"https:\/\/radionoticiascasanare.com\/inicio\/wp-json\/wp\/v2\/media\/50766"}],"wp:attachment":[{"href":"https:\/\/radionoticiascasanare.com\/inicio\/wp-json\/wp\/v2\/media?parent=50765"}],"wp:term":[{"taxonomy":"category","embeddable":true,"href":"https:\/\/radionoticiascasanare.com\/inicio\/wp-json\/wp\/v2\/categories?post=50765"},{"taxonomy":"post_tag","embeddable":true,"href":"https:\/\/radionoticiascasanare.com\/inicio\/wp-json\/wp\/v2\/tags?post=50765"}],"curies":[{"name":"wp","href":"https:\/\/api.w.org\/{rel}","templated":true}]}}