{"id":50891,"date":"2024-03-12T06:35:59","date_gmt":"2024-03-12T11:35:59","guid":{"rendered":"https:\/\/radionoticiascasanare.com\/inicio\/?p=50891"},"modified":"2024-03-12T06:35:59","modified_gmt":"2024-03-12T11:35:59","slug":"inicio-pago-economico-del-programa-jovenes-a-la-u","status":"publish","type":"post","link":"https:\/\/radionoticiascasanare.com\/inicio\/inicio-pago-economico-del-programa-jovenes-a-la-u\/","title":{"rendered":"Inici\u00f3 pago econ\u00f3mico del programa J\u00f3venes a la U"},"content":{"rendered":"<figure id=\"attachment_50892\" aria-describedby=\"caption-attachment-50892\" style=\"width: 300px\" class=\"wp-caption alignleft\"><img fetchpriority=\"high\" decoding=\"async\" class=\"size-medium wp-image-50892\" src=\"https:\/\/radionoticiascasanare.com\/inicio\/wp-content\/uploads\/2024\/03\/16AM-COL-12-MARZO-300x171.jpeg\" alt=\"\" width=\"300\" height=\"171\" srcset=\"https:\/\/radionoticiascasanare.com\/inicio\/wp-content\/uploads\/2024\/03\/16AM-COL-12-MARZO-300x171.jpeg 300w, https:\/\/radionoticiascasanare.com\/inicio\/wp-content\/uploads\/2024\/03\/16AM-COL-12-MARZO.jpeg 716w\" sizes=\"(max-width: 300px) 100vw, 300px\" \/><figcaption id=\"caption-attachment-50892\" class=\"wp-caption-text\">elnuevosiglo.com<\/figcaption><\/figure>\n<p><strong><span lang=\"ES-TRAD\" xml:lang=\"ES-TRAD\">DE ACUERDO<\/span><\/strong><span lang=\"ES-TRAD\" xml:lang=\"ES-TRAD\"> a la informaci\u00f3n compartida por la Secretar\u00eda de Educaci\u00f3n de Bogot\u00e1, a partir de este lunes 11 de marzo iniciaron los pagos del apoyo econ\u00f3mico a los inscritos en el programa J\u00f3venes a la U.<\/span><\/p>\n<p><span lang=\"ES-TRAD\" xml:lang=\"ES-TRAD\">Cabe resaltar que, cada semestre los estudiantes reciben un apoyo econ\u00f3mico de un salario m\u00ednimo mensual legal vigente ($1.300.000), esto con el fin de promover la permanencia acad\u00e9mica de los mismos.<\/span><\/p>\n<p><span lang=\"ES-TRAD\" xml:lang=\"ES-TRAD\">Por otro lado, la entidad inform\u00f3 que para que los j\u00f3venes puedan recibir el apoyo, primero deber\u00e1n actualizar su hoja de vida y billetera m\u00f3vil en el portal correspondiente.<\/span><\/p>\n<p><span lang=\"ES-TRAD\" xml:lang=\"ES-TRAD\">En cuanto a los pagos del primer semestre de este a\u00f1o, la secretaria indic\u00f3 que se realizar\u00e1n en tres momentos: para los beneficiarios que tienen toda su informaci\u00f3n registrada y validada hasta el 4 de marzo, recibir\u00e1n el apoyo econ\u00f3mico del 11 de marzo al 12 de abril; para quienes no entraron en el primer momento u obtuvieron rechazo de la transacci\u00f3n bancaria, pero realizaron su registro, validaci\u00f3n y correcci\u00f3n de informaci\u00f3n hasta el 1 de abril, recibir\u00e1n el beneficio del 15 de abril al 10 de mayo.<\/span><\/p>\n<p><span lang=\"ES-TRAD\" xml:lang=\"ES-TRAD\">Y finalmente, los j\u00f3venes que no entraron en el segundo momento u obtuvieron rechazo de la transacci\u00f3n bancaria, pero realizaron su registro, validaci\u00f3n y correcci\u00f3n de informaci\u00f3n hasta el 2 de mayo, se les otorgar\u00e1 el apoyo del 14 de mayo al 21 de junio.<\/span><\/p>\n<p><span lang=\"ES-TRAD\" xml:lang=\"ES-TRAD\">Conviene subrayar que, los beneficiarios interesados en solicitar una modificaci\u00f3n de documentaci\u00f3n o informaci\u00f3n en su hoja de vida, deben ingresar al Sicore y realizar la modificaci\u00f3n, en caso de que no pueda modificar el campo, podr\u00e1 realizar una solicitud a trav\u00e9s de la ventanilla \u00fanica de radicaci\u00f3n SIGA.<\/span><\/p>\n<p><span lang=\"ES-TRAD\" xml:lang=\"ES-TRAD\">Con relaci\u00f3n a quienes pueden acceder al apoyo econ\u00f3mico los j\u00f3venes deber\u00edan estar matriculados en un programa t\u00e9cnico, tecnol\u00f3gico o universitario, y ser certificado por una Instituci\u00f3n de Educaci\u00f3n Superior en la que fue seleccionado; tener un usuario registrado con la informaci\u00f3n de hoja de vida actualizada y validada en la plataforma Sicore y tener registrada y activa una billetera m\u00f3vil en la plataforma anteriormente nombrada.<\/span><\/p>\n<p>Fuente y Fotograf\u00eda Elnuevosiglo.com<\/p>\n","protected":false},"excerpt":{"rendered":"<p>DE ACUERDO a la informaci\u00f3n compartida por la Secretar\u00eda de Educaci\u00f3n de Bogot\u00e1, a partir de este lunes 11 de marzo iniciaron los pagos del apoyo econ\u00f3mico a los inscritos en el programa J\u00f3venes a la U. Cabe resaltar que, cada semestre los estudiantes reciben un apoyo econ\u00f3mico de un salario m\u00ednimo mensual legal vigente [&hellip;]<\/p>\n","protected":false},"author":3,"featured_media":50892,"comment_status":"open","ping_status":"open","sticky":false,"template":"","format":"standard","meta":{"footnotes":""},"categories":[4897,6171,168,51],"tags":[15141,21234,2265,3270,7205,238,21233],"class_list":["post-50891","post","type-post","status-publish","format-standard","has-post-thumbnail","hentry","category-economia","category-educacion","category-generales","category-nacional","tag-apoyo-economico","tag-jovenes-a-la-u","tag-nacional","tag-pagos","tag-programa","tag-radio-noticias-casanare","tag-secretaria-de-educacion-de-bogota"],"_links":{"self":[{"href":"https:\/\/radionoticiascasanare.com\/inicio\/wp-json\/wp\/v2\/posts\/50891","targetHints":{"allow":["GET"]}}],"collection":[{"href":"https:\/\/radionoticiascasanare.com\/inicio\/wp-json\/wp\/v2\/posts"}],"about":[{"href":"https:\/\/radionoticiascasanare.com\/inicio\/wp-json\/wp\/v2\/types\/post"}],"author":[{"embeddable":true,"href":"https:\/\/radionoticiascasanare.com\/inicio\/wp-json\/wp\/v2\/users\/3"}],"replies":[{"embeddable":true,"href":"https:\/\/radionoticiascasanare.com\/inicio\/wp-json\/wp\/v2\/comments?post=50891"}],"version-history":[{"count":1,"href":"https:\/\/radionoticiascasanare.com\/inicio\/wp-json\/wp\/v2\/posts\/50891\/revisions"}],"predecessor-version":[{"id":50893,"href":"https:\/\/radionoticiascasanare.com\/inicio\/wp-json\/wp\/v2\/posts\/50891\/revisions\/50893"}],"wp:featuredmedia":[{"embeddable":true,"href":"https:\/\/radionoticiascasanare.com\/inicio\/wp-json\/wp\/v2\/media\/50892"}],"wp:attachment":[{"href":"https:\/\/radionoticiascasanare.com\/inicio\/wp-json\/wp\/v2\/media?parent=50891"}],"wp:term":[{"taxonomy":"category","embeddable":true,"href":"https:\/\/radionoticiascasanare.com\/inicio\/wp-json\/wp\/v2\/categories?post=50891"},{"taxonomy":"post_tag","embeddable":true,"href":"https:\/\/radionoticiascasanare.com\/inicio\/wp-json\/wp\/v2\/tags?post=50891"}],"curies":[{"name":"wp","href":"https:\/\/api.w.org\/{rel}","templated":true}]}}