{"id":50951,"date":"2024-03-18T06:48:43","date_gmt":"2024-03-18T11:48:43","guid":{"rendered":"https:\/\/radionoticiascasanare.com\/inicio\/?p=50951"},"modified":"2024-03-18T06:48:43","modified_gmt":"2024-03-18T11:48:43","slug":"capresoca-eps-y-personeros-municipales-aunan-esfuerzos-para-garantizar-el-derecho-a-la-salud-de-los-usuarios","status":"publish","type":"post","link":"https:\/\/radionoticiascasanare.com\/inicio\/capresoca-eps-y-personeros-municipales-aunan-esfuerzos-para-garantizar-el-derecho-a-la-salud-de-los-usuarios\/","title":{"rendered":"Capresoca EPS y Personeros Municipales a\u00fanan esfuerzos para garantizar el derecho a la salud de los usuarios"},"content":{"rendered":"<p style=\"font-weight: 400;\"><img fetchpriority=\"high\" decoding=\"async\" class=\"size-medium wp-image-50952 alignleft\" src=\"https:\/\/radionoticiascasanare.com\/inicio\/wp-content\/uploads\/2024\/03\/REUNION-PERSONEROS-2-300x200.jpg\" alt=\"\" width=\"300\" height=\"200\" srcset=\"https:\/\/radionoticiascasanare.com\/inicio\/wp-content\/uploads\/2024\/03\/REUNION-PERSONEROS-2-300x200.jpg 300w, https:\/\/radionoticiascasanare.com\/inicio\/wp-content\/uploads\/2024\/03\/REUNION-PERSONEROS-2-768x512.jpg 768w, https:\/\/radionoticiascasanare.com\/inicio\/wp-content\/uploads\/2024\/03\/REUNION-PERSONEROS-2.jpg 1024w\" sizes=\"(max-width: 300px) 100vw, 300px\" \/>Como positiva fue calificada la mesa de trabajo que lider\u00f3 el gerente de Capresoca, Haison Omar Carrillo Lemus, con los Personeros Municipales del departamento, con quienes se acord\u00f3 realizar un trabajo conjunto, haciendo equipo, en pro de garantizar el acceso a los servicios de salud para los usuarios afiliados a la EPS, que ascienden a m\u00e1s de 170 mil.<\/p>\n<p style=\"font-weight: 400;\">El Gerente, agradeci\u00f3 al Personero Municipal de Yopal, Yesid Camacho Fl\u00f3rez, el relacionamiento y acercamiento logrado con sus hom\u00f3logos de los municipios, para desarrollar el espacio de di\u00e1logo en el que se determin\u00f3 la necesidad de designar un equipo gestor de casos por parte de Capresoca, que ser\u00e1 el responsable de dar respuesta de manera directa a las solicitudes que pongan en conocimiento los agentes del Ministerio P\u00fablico, estableciendo un proceso de comunicaci\u00f3n continuo.<\/p>\n<p style=\"font-weight: 400;\">Adicionalmente, una vez sean designados, se gestionar\u00e1 un encuentro con los nuevos gerentes de las Empresas Sociales del Estado- ESE\u2019s del orden departamental (Hospital Regional de la Orinoqu\u00eda y Red Salud Casanare), con el prop\u00f3sito de articular acciones con la red de prestaci\u00f3n de servicios contratada por la EPS de los casanare\u00f1os, as\u00ed dar soluci\u00f3n a casos que requieren gesti\u00f3n de estas entidades.<\/p>\n<p style=\"font-weight: 400;\">\u201cContamos con una nutrida asistencia en esta mesa de trabajo. El ejercicio es trabajar en equipo. Desde Capresoca se debe hacer una gesti\u00f3n importante para la cobertura de lo contenido en lo POS y poder responder a las Personer\u00edas ante las solicitudes que se presenten, en cada caso en particular\u201d, expres\u00f3 Carrillo Lemus.<\/p>\n<p style=\"font-weight: 400;\">Anot\u00f3 que, siguiendo las directrices del Gobernador C\u00e9sar Augusto Ortiz Zorro, se busca desde la EPS, brindar una soluci\u00f3n al usuario, \u201cque definitivamente la persona que necesita el medicamento, cuidador, procedimiento o autorizaci\u00f3n lo reciba, asegurando as\u00ed su derecho a los servicios y tecnolog\u00edas contempladas en el Plan de Beneficios en Salud-PBS\u201d.<\/p>\n<p style=\"font-weight: 400;\">Al respecto, el Personero Municipal de Yopal, consider\u00f3 el encuentro como satisfactorio, reconociendo el compromiso del Gerente por atender a sus compa\u00f1eros de los municipios y definir compromisos que impacten positivamente en los afiliados.<\/p>\n<p style=\"font-weight: 400;\">\u201cExiste voluntad para atender y resolver los problemas que aquejan a los usuarios del departamento frente a los servicios de salud. De manera articulada y haciendo uso de los recursos disponibles se podr\u00e1 dar respuesta en menor tiempo. El equipo de Personeros asumimos el compromiso con la EPS para trabajar en forma concertada, donde logremos mayor aprovechamiento de los tiempos, en favor de la comunidad\u201d, concluy\u00f3.<\/p>\n<p>Fuente y Fotograf\u00eda Capresoca EPS<\/p>\n","protected":false},"excerpt":{"rendered":"<p>Como positiva fue calificada la mesa de trabajo que lider\u00f3 el gerente de Capresoca, Haison Omar Carrillo Lemus, con los Personeros Municipales del departamento, con quienes se acord\u00f3 realizar un trabajo conjunto, haciendo equipo, en pro de garantizar el acceso a los servicios de salud para los usuarios afiliados a la EPS, que ascienden a [&hellip;]<\/p>\n","protected":false},"author":3,"featured_media":50952,"comment_status":"open","ping_status":"open","sticky":false,"template":"","format":"standard","meta":{"footnotes":""},"categories":[2,66,8492,8493,132,9680,2280],"tags":[986,3,975,21265,20747,21264,238,2359],"class_list":["post-50951","post","type-post","status-publish","format-standard","has-post-thumbnail","hentry","category-casanare","category-destacadas","category-noticias-casanare","category-noticias-de-casanare","category-orinoquia","category-region","category-salud","tag-capresoca","tag-casanare","tag-derechos","tag-garantizar","tag-haison-omar-carrillo","tag-personeros-municipales","tag-radio-noticias-casanare","tag-usuarios"],"_links":{"self":[{"href":"https:\/\/radionoticiascasanare.com\/inicio\/wp-json\/wp\/v2\/posts\/50951","targetHints":{"allow":["GET"]}}],"collection":[{"href":"https:\/\/radionoticiascasanare.com\/inicio\/wp-json\/wp\/v2\/posts"}],"about":[{"href":"https:\/\/radionoticiascasanare.com\/inicio\/wp-json\/wp\/v2\/types\/post"}],"author":[{"embeddable":true,"href":"https:\/\/radionoticiascasanare.com\/inicio\/wp-json\/wp\/v2\/users\/3"}],"replies":[{"embeddable":true,"href":"https:\/\/radionoticiascasanare.com\/inicio\/wp-json\/wp\/v2\/comments?post=50951"}],"version-history":[{"count":1,"href":"https:\/\/radionoticiascasanare.com\/inicio\/wp-json\/wp\/v2\/posts\/50951\/revisions"}],"predecessor-version":[{"id":50953,"href":"https:\/\/radionoticiascasanare.com\/inicio\/wp-json\/wp\/v2\/posts\/50951\/revisions\/50953"}],"wp:featuredmedia":[{"embeddable":true,"href":"https:\/\/radionoticiascasanare.com\/inicio\/wp-json\/wp\/v2\/media\/50952"}],"wp:attachment":[{"href":"https:\/\/radionoticiascasanare.com\/inicio\/wp-json\/wp\/v2\/media?parent=50951"}],"wp:term":[{"taxonomy":"category","embeddable":true,"href":"https:\/\/radionoticiascasanare.com\/inicio\/wp-json\/wp\/v2\/categories?post=50951"},{"taxonomy":"post_tag","embeddable":true,"href":"https:\/\/radionoticiascasanare.com\/inicio\/wp-json\/wp\/v2\/tags?post=50951"}],"curies":[{"name":"wp","href":"https:\/\/api.w.org\/{rel}","templated":true}]}}