{"id":51385,"date":"2024-04-23T03:40:38","date_gmt":"2024-04-23T08:40:38","guid":{"rendered":"https:\/\/radionoticiascasanare.com\/inicio\/?p=51385"},"modified":"2024-04-22T21:27:27","modified_gmt":"2024-04-23T02:27:27","slug":"primer-punto-de-la-agenda-de-dialogos-entre-el-gobierno-y-el-eln-sera-firmado-a-finales-de-mayo","status":"publish","type":"post","link":"https:\/\/radionoticiascasanare.com\/inicio\/primer-punto-de-la-agenda-de-dialogos-entre-el-gobierno-y-el-eln-sera-firmado-a-finales-de-mayo\/","title":{"rendered":"Primer punto de la Agenda de Di\u00e1logos entre el Gobierno y el ELN ser\u00e1 firmado a finales de mayo"},"content":{"rendered":"<div><img decoding=\"async\" class=\" wp-image-51390 alignleft\" src=\"https:\/\/radionoticiascasanare.com\/inicio\/wp-content\/uploads\/2024\/04\/Comunicado_25-2-300x166.png\" alt=\"\" width=\"248\" height=\"137\" srcset=\"https:\/\/radionoticiascasanare.com\/inicio\/wp-content\/uploads\/2024\/04\/Comunicado_25-2-300x166.png 300w, https:\/\/radionoticiascasanare.com\/inicio\/wp-content\/uploads\/2024\/04\/Comunicado_25-2.png 713w\" sizes=\"(max-width: 248px) 100vw, 248px\" \/>Del 20 al 25 de mayo de 2024, la Mesa de Di\u00e1logos para la Paz entre el Gobierno de la Rep\u00fablica de Colombia y el Ejercito de Liberaci\u00f3n Nacional \u2013 ELN, se reunir\u00e1 en Caracas, Rep\u00fablica Bolivariana de Venezuela, para recibir el informe ejecutivo del Modelo de Participaci\u00f3n, Plan Nacional de Participaci\u00f3n y Recomendaciones, as\u00ed como firmar el acuerdo sobre el primer punto de la Agenda de Di\u00e1logos.<\/div>\n<div><\/div>\n<div>Agradecemos al pueblo y al gobierno de la Rep\u00fablica Bolivariana de Venezuela por acoger las labores de la Mesa de Di\u00e1logos para la Paz, as\u00ed como la ayuda de los pa\u00edses garantes, de los acompa\u00f1antes permanentes y del Grupo de Pa\u00edses de Apoyo, Acompa\u00f1amiento y Cooperaci\u00f3n (GPAAC).<\/div>\n<div><\/div>\n<div>Fuente y Fotograf\u00eda Oficina Alto Comisionado para la Paz<\/div>\n<div><\/div>\n<div><\/div>\n<div><\/div>\n","protected":false},"excerpt":{"rendered":"<p>Del 20 al 25 de mayo de 2024, la Mesa de Di\u00e1logos para la Paz entre el Gobierno de la Rep\u00fablica de Colombia y el Ejercito de Liberaci\u00f3n Nacional \u2013 ELN, se reunir\u00e1 en Caracas, Rep\u00fablica Bolivariana de Venezuela, para recibir el informe ejecutivo del Modelo de Participaci\u00f3n, Plan Nacional de Participaci\u00f3n y Recomendaciones, as\u00ed [&hellip;]<\/p>\n","protected":false},"author":2,"featured_media":51390,"comment_status":"open","ping_status":"open","sticky":false,"template":"","format":"standard","meta":{"footnotes":""},"categories":[66,51],"tags":[21434,2605,148,21433,73,21432,2265,238,88],"class_list":["post-51385","post","type-post","status-publish","format-standard","has-post-thumbnail","hentry","category-destacadas","category-nacional","tag-agenda-de-dialogos","tag-caracas","tag-eln","tag-firmar-el-acuerdo","tag-gobierno-nacional","tag-mesa-de-dialogos-para-la-paz","tag-nacional","tag-radio-noticias-casanare","tag-venezuela"],"_links":{"self":[{"href":"https:\/\/radionoticiascasanare.com\/inicio\/wp-json\/wp\/v2\/posts\/51385","targetHints":{"allow":["GET"]}}],"collection":[{"href":"https:\/\/radionoticiascasanare.com\/inicio\/wp-json\/wp\/v2\/posts"}],"about":[{"href":"https:\/\/radionoticiascasanare.com\/inicio\/wp-json\/wp\/v2\/types\/post"}],"author":[{"embeddable":true,"href":"https:\/\/radionoticiascasanare.com\/inicio\/wp-json\/wp\/v2\/users\/2"}],"replies":[{"embeddable":true,"href":"https:\/\/radionoticiascasanare.com\/inicio\/wp-json\/wp\/v2\/comments?post=51385"}],"version-history":[{"count":2,"href":"https:\/\/radionoticiascasanare.com\/inicio\/wp-json\/wp\/v2\/posts\/51385\/revisions"}],"predecessor-version":[{"id":51391,"href":"https:\/\/radionoticiascasanare.com\/inicio\/wp-json\/wp\/v2\/posts\/51385\/revisions\/51391"}],"wp:featuredmedia":[{"embeddable":true,"href":"https:\/\/radionoticiascasanare.com\/inicio\/wp-json\/wp\/v2\/media\/51390"}],"wp:attachment":[{"href":"https:\/\/radionoticiascasanare.com\/inicio\/wp-json\/wp\/v2\/media?parent=51385"}],"wp:term":[{"taxonomy":"category","embeddable":true,"href":"https:\/\/radionoticiascasanare.com\/inicio\/wp-json\/wp\/v2\/categories?post=51385"},{"taxonomy":"post_tag","embeddable":true,"href":"https:\/\/radionoticiascasanare.com\/inicio\/wp-json\/wp\/v2\/tags?post=51385"}],"curies":[{"name":"wp","href":"https:\/\/api.w.org\/{rel}","templated":true}]}}