{"id":52015,"date":"2024-05-22T01:22:24","date_gmt":"2024-05-22T06:22:24","guid":{"rendered":"https:\/\/radionoticiascasanare.com\/inicio\/?p=52015"},"modified":"2024-05-22T01:22:24","modified_gmt":"2024-05-22T06:22:24","slug":"plan-estrategico-de-seguridad-vial-se-estara-disenando-hoy-por-parte-del-comite-seccional-de-seguridad-y-salud-en-el-trabajo-del-departamento","status":"publish","type":"post","link":"https:\/\/radionoticiascasanare.com\/inicio\/plan-estrategico-de-seguridad-vial-se-estara-disenando-hoy-por-parte-del-comite-seccional-de-seguridad-y-salud-en-el-trabajo-del-departamento\/","title":{"rendered":"Plan Estrat\u00e9gico de Seguridad Vial se estar\u00e1 dise\u00f1ando hoy por parte del Comit\u00e9 Seccional de Seguridad y Salud en el Trabajo del Departamento"},"content":{"rendered":"<div><img fetchpriority=\"high\" decoding=\"async\" class=\"alignleft wp-image-52017 \" src=\"https:\/\/radionoticiascasanare.com\/inicio\/wp-content\/uploads\/2024\/05\/Comite-Seccional-de-Seguridad-y-Salud-en-el-Trabajo-del-Departamento-de-Casanare-e1716358925641-300x226.jpeg\" alt=\"\" width=\"258\" height=\"194\" srcset=\"https:\/\/radionoticiascasanare.com\/inicio\/wp-content\/uploads\/2024\/05\/Comite-Seccional-de-Seguridad-y-Salud-en-el-Trabajo-del-Departamento-de-Casanare-e1716358925641-300x226.jpeg 300w, https:\/\/radionoticiascasanare.com\/inicio\/wp-content\/uploads\/2024\/05\/Comite-Seccional-de-Seguridad-y-Salud-en-el-Trabajo-del-Departamento-de-Casanare-e1716358925641-768x579.jpeg 768w, https:\/\/radionoticiascasanare.com\/inicio\/wp-content\/uploads\/2024\/05\/Comite-Seccional-de-Seguridad-y-Salud-en-el-Trabajo-del-Departamento-de-Casanare-e1716358925641.jpeg 904w\" sizes=\"(max-width: 258px) 100vw, 258px\" \/>El Comit\u00e9 Seccional de Seguridad y Salud en el Trabajo del Departamento de Casanare se prepara para un evento crucial en el marco del Plan Estrat\u00e9gico de Seguridad Vial (PESV), que se llevar\u00e1 a cabo el 22 de mayo de 2024 en la C\u00e1mara de Comercio de Casanare, en Yopal.<\/div>\n<div><\/div>\n<div>\u00bfQu\u00e9 es el Comit\u00e9 Seccional de Seguridad y Salud en el Trabajo?<\/div>\n<div><\/div>\n<div>El Comit\u00e9 Seccional de Seguridad y Salud en el Trabajo, anteriormente conocido como el Comit\u00e9 de Salud Ocupacional, fue reglamentado y estructurado por el Decreto 16 de 1997. Este decreto estableci\u00f3 la creaci\u00f3n de comit\u00e9s a nivel nacional, seccional y local con el prop\u00f3sito de facilitar la participaci\u00f3n democr\u00e1tica de todos los actores del Sistema General de Riesgos Laborales en decisiones que les afectan en aspectos econ\u00f3micos, administrativos y culturales.<\/div>\n<div><\/div>\n<div>Este a\u00f1o, la presidencia del comit\u00e9 est\u00e1 a cargo de Tatiana Ch\u00e1vez Duque, secretaria de Salud Departamental, quien liderar\u00e1 el evento, en el que har\u00e1 \u00e9nfasis en el compromiso del Comit\u00e9 Seccional de Seguridad y Salud en el Trabajo del Departamento de Casanare con la promoci\u00f3n de pr\u00e1cticas seguras y saludables en el entorno laboral, contribuyendo as\u00ed al bienestar de todos los trabajadores y empleadores de la regi\u00f3n.<\/div>\n<div><\/div>\n<div><strong>El Evento: Plan Estrat\u00e9gico de Seguridad Vial (PESV)<\/strong><\/div>\n<div><\/div>\n<div>El evento del Plan Estrat\u00e9gico de Seguridad Vial (PESV) se realizar\u00e1 el 22 de mayo de 2024, en la C\u00e1mara de Comercio de Casanare en Yopal. Este evento busca abordar las estrategias y medidas para mejorar la seguridad vial en la regi\u00f3n, con la participaci\u00f3n de diversos actores del Sistema General de Riesgos Laborales, destacando la importancia de la colaboraci\u00f3n y la implementaci\u00f3n de pol\u00edticas efectivas para garantizar un entorno de trabajo seguro y saludable.<\/div>\n<div><\/div>\n<div>Fuente y Fotograf\u00eda Secretar\u00eda de Salud de Casanare<\/div>\n","protected":false},"excerpt":{"rendered":"<p>El Comit\u00e9 Seccional de Seguridad y Salud en el Trabajo del Departamento de Casanare se prepara para un evento crucial en el marco del Plan Estrat\u00e9gico de Seguridad Vial (PESV), que se llevar\u00e1 a cabo el 22 de mayo de 2024 en la C\u00e1mara de Comercio de Casanare, en Yopal. \u00bfQu\u00e9 es el Comit\u00e9 Seccional [&hellip;]<\/p>\n","protected":false},"author":2,"featured_media":52017,"comment_status":"open","ping_status":"open","sticky":false,"template":"","format":"standard","meta":{"footnotes":""},"categories":[2,8492,8493,2280],"tags":[3,21772,21771,238],"class_list":["post-52015","post","type-post","status-publish","format-standard","has-post-thumbnail","hentry","category-casanare","category-noticias-casanare","category-noticias-de-casanare","category-salud","tag-casanare","tag-comite-seccional-de-seguridad-y-salud-en-el-trabajo","tag-plan-estrategico-vial","tag-radio-noticias-casanare"],"_links":{"self":[{"href":"https:\/\/radionoticiascasanare.com\/inicio\/wp-json\/wp\/v2\/posts\/52015","targetHints":{"allow":["GET"]}}],"collection":[{"href":"https:\/\/radionoticiascasanare.com\/inicio\/wp-json\/wp\/v2\/posts"}],"about":[{"href":"https:\/\/radionoticiascasanare.com\/inicio\/wp-json\/wp\/v2\/types\/post"}],"author":[{"embeddable":true,"href":"https:\/\/radionoticiascasanare.com\/inicio\/wp-json\/wp\/v2\/users\/2"}],"replies":[{"embeddable":true,"href":"https:\/\/radionoticiascasanare.com\/inicio\/wp-json\/wp\/v2\/comments?post=52015"}],"version-history":[{"count":2,"href":"https:\/\/radionoticiascasanare.com\/inicio\/wp-json\/wp\/v2\/posts\/52015\/revisions"}],"predecessor-version":[{"id":52018,"href":"https:\/\/radionoticiascasanare.com\/inicio\/wp-json\/wp\/v2\/posts\/52015\/revisions\/52018"}],"wp:featuredmedia":[{"embeddable":true,"href":"https:\/\/radionoticiascasanare.com\/inicio\/wp-json\/wp\/v2\/media\/52017"}],"wp:attachment":[{"href":"https:\/\/radionoticiascasanare.com\/inicio\/wp-json\/wp\/v2\/media?parent=52015"}],"wp:term":[{"taxonomy":"category","embeddable":true,"href":"https:\/\/radionoticiascasanare.com\/inicio\/wp-json\/wp\/v2\/categories?post=52015"},{"taxonomy":"post_tag","embeddable":true,"href":"https:\/\/radionoticiascasanare.com\/inicio\/wp-json\/wp\/v2\/tags?post=52015"}],"curies":[{"name":"wp","href":"https:\/\/api.w.org\/{rel}","templated":true}]}}