{"id":52556,"date":"2024-06-25T02:32:52","date_gmt":"2024-06-25T07:32:52","guid":{"rendered":"https:\/\/radionoticiascasanare.com\/inicio\/?p=52556"},"modified":"2024-06-25T02:32:52","modified_gmt":"2024-06-25T07:32:52","slug":"casanare-fortalece-su-futuro-educativo-y-laboral","status":"publish","type":"post","link":"https:\/\/radionoticiascasanare.com\/inicio\/casanare-fortalece-su-futuro-educativo-y-laboral\/","title":{"rendered":"Casanare fortalece su futuro educativo y laboral"},"content":{"rendered":"<div><img decoding=\"async\" class=\" wp-image-52557 alignleft\" src=\"https:\/\/radionoticiascasanare.com\/inicio\/wp-content\/uploads\/2024\/06\/Casanare-fortalece-su-futuro-educativo-y-laboral-e1719300648805-300x160.jpeg\" alt=\"\" width=\"278\" height=\"148\" srcset=\"https:\/\/radionoticiascasanare.com\/inicio\/wp-content\/uploads\/2024\/06\/Casanare-fortalece-su-futuro-educativo-y-laboral-e1719300648805-300x160.jpeg 300w, https:\/\/radionoticiascasanare.com\/inicio\/wp-content\/uploads\/2024\/06\/Casanare-fortalece-su-futuro-educativo-y-laboral-e1719300648805-1024x546.jpeg 1024w, https:\/\/radionoticiascasanare.com\/inicio\/wp-content\/uploads\/2024\/06\/Casanare-fortalece-su-futuro-educativo-y-laboral-e1719300648805-768x410.jpeg 768w, https:\/\/radionoticiascasanare.com\/inicio\/wp-content\/uploads\/2024\/06\/Casanare-fortalece-su-futuro-educativo-y-laboral-e1719300648805.jpeg 1264w\" sizes=\"(max-width: 278px) 100vw, 278px\" \/><\/div>\n<div>La Secretar\u00eda de Educaci\u00f3n de Casanare y el Servicio Nacional de Aprendizaje SENA avanzan en el fortalecimiento del sector educativo y laboral de la regi\u00f3n. El secretario de Educaci\u00f3n, Diego Fernando Ardila, particip\u00f3 junto a la Directora del SENA, Johana Medina Pe\u00f1a, en el Consejo Regional SENA 2024.<\/div>\n<div><\/div>\n<div>El encuentro se centr\u00f3 en varios puntos estrat\u00e9gicos:<\/div>\n<div><\/div>\n<div>1. Fortalecimiento del tr\u00e1nsito de la educaci\u00f3n media a la superior<\/div>\n<div>2. Implementaci\u00f3n de la innovadora estrategia de tecnoacademia<\/div>\n<div>3. Desarrollo de tecnoparques<\/div>\n<div>4. Impulso al Fondo Emprender<\/div>\n<div>5. Expansi\u00f3n de la estrategia CampeSENA<\/div>\n<div><\/div>\n<div>Ardila enfatiz\u00f3 la importancia de esta colaboraci\u00f3n, afirmando: &#8220;Desde la Secretar\u00eda de Educaci\u00f3n, seguimos trabajando en estrecha colaboraci\u00f3n con el SENA para crear y fortalecer espacios que beneficien a nuestra comunidad educativa y al sector productivo de Casanare&#8221;.<\/div>\n<div><\/div>\n<div>Por su parte, Medina expres\u00f3 su agradecimiento a la Gobernaci\u00f3n de Casanare &#8220;por trabajar en pro del beneficio de la poblaci\u00f3n de Casanare en temas de educaci\u00f3n, empleo y emprendimiento&#8221;.<\/div>\n<div><\/div>\n<div>Esta alianza estrat\u00e9gica entre la Secretar\u00eda de Educaci\u00f3n y el SENA promete abrir nuevas oportunidades para los j\u00f3venes casanare\u00f1os, fortaleciendo el futuro educativo y laboral de la regi\u00f3n.<\/div>\n<div><\/div>\n<div>Fuente y Fotograf\u00eda Gobernaci\u00f3n de Casanare<\/div>\n","protected":false},"excerpt":{"rendered":"<p>La Secretar\u00eda de Educaci\u00f3n de Casanare y el Servicio Nacional de Aprendizaje SENA avanzan en el fortalecimiento del sector educativo y laboral de la regi\u00f3n. El secretario de Educaci\u00f3n, Diego Fernando Ardila, particip\u00f3 junto a la Directora del SENA, Johana Medina Pe\u00f1a, en el Consejo Regional SENA 2024. El encuentro se centr\u00f3 en varios puntos [&hellip;]<\/p>\n","protected":false},"author":2,"featured_media":52557,"comment_status":"open","ping_status":"open","sticky":false,"template":"","format":"standard","meta":{"footnotes":""},"categories":[2,66,8492,8493],"tags":[3,22117,915,238,415,5433,637],"class_list":["post-52556","post","type-post","status-publish","format-standard","has-post-thumbnail","hentry","category-casanare","category-destacadas","category-noticias-casanare","category-noticias-de-casanare","tag-casanare","tag-consejo-regional-sena-2024","tag-educacion","tag-radio-noticias-casanare","tag-secretaria-de-educacion","tag-secretaria-de-educacion-de-casanare","tag-sena"],"_links":{"self":[{"href":"https:\/\/radionoticiascasanare.com\/inicio\/wp-json\/wp\/v2\/posts\/52556","targetHints":{"allow":["GET"]}}],"collection":[{"href":"https:\/\/radionoticiascasanare.com\/inicio\/wp-json\/wp\/v2\/posts"}],"about":[{"href":"https:\/\/radionoticiascasanare.com\/inicio\/wp-json\/wp\/v2\/types\/post"}],"author":[{"embeddable":true,"href":"https:\/\/radionoticiascasanare.com\/inicio\/wp-json\/wp\/v2\/users\/2"}],"replies":[{"embeddable":true,"href":"https:\/\/radionoticiascasanare.com\/inicio\/wp-json\/wp\/v2\/comments?post=52556"}],"version-history":[{"count":1,"href":"https:\/\/radionoticiascasanare.com\/inicio\/wp-json\/wp\/v2\/posts\/52556\/revisions"}],"predecessor-version":[{"id":52558,"href":"https:\/\/radionoticiascasanare.com\/inicio\/wp-json\/wp\/v2\/posts\/52556\/revisions\/52558"}],"wp:featuredmedia":[{"embeddable":true,"href":"https:\/\/radionoticiascasanare.com\/inicio\/wp-json\/wp\/v2\/media\/52557"}],"wp:attachment":[{"href":"https:\/\/radionoticiascasanare.com\/inicio\/wp-json\/wp\/v2\/media?parent=52556"}],"wp:term":[{"taxonomy":"category","embeddable":true,"href":"https:\/\/radionoticiascasanare.com\/inicio\/wp-json\/wp\/v2\/categories?post=52556"},{"taxonomy":"post_tag","embeddable":true,"href":"https:\/\/radionoticiascasanare.com\/inicio\/wp-json\/wp\/v2\/tags?post=52556"}],"curies":[{"name":"wp","href":"https:\/\/api.w.org\/{rel}","templated":true}]}}