{"id":52639,"date":"2024-06-28T00:10:59","date_gmt":"2024-06-28T05:10:59","guid":{"rendered":"https:\/\/radionoticiascasanare.com\/inicio\/?p=52639"},"modified":"2024-06-27T19:15:55","modified_gmt":"2024-06-28T00:15:55","slug":"la-estrategia-tecnoacademia-una-herramienta-para-acceder-a-la-ciencia-tecnologia-e-innovacion-de-jovenes-casanarenos","status":"publish","type":"post","link":"https:\/\/radionoticiascasanare.com\/inicio\/la-estrategia-tecnoacademia-una-herramienta-para-acceder-a-la-ciencia-tecnologia-e-innovacion-de-jovenes-casanarenos\/","title":{"rendered":"La estrategia Tecnoacademia, una herramienta para acceder a la ciencia, tecnolog\u00eda e innovaci\u00f3n de j\u00f3venes casanare\u00f1os"},"content":{"rendered":"<p><img decoding=\"async\" class=\"alignleft wp-image-52640\" src=\"https:\/\/radionoticiascasanare.com\/inicio\/wp-content\/uploads\/2024\/06\/WhatsApp-Image-2024-06-27-at-6.16.36-PM-300x203.jpeg\" alt=\"\" width=\"192\" height=\"130\" \/>El Director de Calidad Educativa liderada de la Secretar\u00eda de Educaci\u00f3n de Casanare, Diego Calder\u00f3n, particip\u00f3 en una reuni\u00f3n informativa con representantes del SENA Casanare, para discutir la implementaci\u00f3n de la estrategia Tecnoacademia en el departamento.<\/p>\n<p>Durante el encuentro, el funcionario junto con los dem\u00e1s asistentes, analizaron aspectos importantes de la iniciativa y los requerimientos necesarios para su implementaci\u00f3n en esta zona del pa\u00eds, propuesta, impulsada por el gobernador C\u00e9sar Ortiz, que tiene como objetivo desarrollar competencias en ciencia, tecnolog\u00eda e innovaci\u00f3n entre los estudiantes de Casanare.<\/p>\n<p>La Tecnoacademia es un programa del SENA que ofrece formaci\u00f3n en \u00e1reas tecnol\u00f3gicas avanzadas para j\u00f3venes de educaci\u00f3n b\u00e1sica y media. Su implementaci\u00f3n en Casanare representa un paso significativo hacia el fortalecimiento de las capacidades cient\u00edficas y tecnol\u00f3gicas de la regi\u00f3n.<\/p>\n<p>Fuente y Fotograf\u00eda Gobernaci\u00f3n de Casanare<\/p>\n","protected":false},"excerpt":{"rendered":"<p>El Director de Calidad Educativa liderada de la Secretar\u00eda de Educaci\u00f3n de Casanare, Diego Calder\u00f3n, particip\u00f3 en una reuni\u00f3n informativa con representantes del SENA Casanare, para discutir la implementaci\u00f3n de la estrategia Tecnoacademia en el departamento. Durante el encuentro, el funcionario junto con los dem\u00e1s asistentes, analizaron aspectos importantes de la iniciativa y los requerimientos [&hellip;]<\/p>\n","protected":false},"author":2,"featured_media":0,"comment_status":"open","ping_status":"open","sticky":false,"template":"","format":"standard","meta":{"footnotes":""},"categories":[1],"tags":[22167,336,22169,332,337,238,1264,22168,333],"class_list":["post-52639","post","type-post","status-publish","format-standard","hentry","category-uncategorized","tag-casanarem-educacion","tag-ciencia","tag-educacion-basica-y-media","tag-gobernacion-de-casanare","tag-innovacion","tag-radio-noticias-casanare","tag-sena-casanare","tag-tecnoacademia","tag-tecnologia"],"_links":{"self":[{"href":"https:\/\/radionoticiascasanare.com\/inicio\/wp-json\/wp\/v2\/posts\/52639","targetHints":{"allow":["GET"]}}],"collection":[{"href":"https:\/\/radionoticiascasanare.com\/inicio\/wp-json\/wp\/v2\/posts"}],"about":[{"href":"https:\/\/radionoticiascasanare.com\/inicio\/wp-json\/wp\/v2\/types\/post"}],"author":[{"embeddable":true,"href":"https:\/\/radionoticiascasanare.com\/inicio\/wp-json\/wp\/v2\/users\/2"}],"replies":[{"embeddable":true,"href":"https:\/\/radionoticiascasanare.com\/inicio\/wp-json\/wp\/v2\/comments?post=52639"}],"version-history":[{"count":1,"href":"https:\/\/radionoticiascasanare.com\/inicio\/wp-json\/wp\/v2\/posts\/52639\/revisions"}],"predecessor-version":[{"id":52641,"href":"https:\/\/radionoticiascasanare.com\/inicio\/wp-json\/wp\/v2\/posts\/52639\/revisions\/52641"}],"wp:attachment":[{"href":"https:\/\/radionoticiascasanare.com\/inicio\/wp-json\/wp\/v2\/media?parent=52639"}],"wp:term":[{"taxonomy":"category","embeddable":true,"href":"https:\/\/radionoticiascasanare.com\/inicio\/wp-json\/wp\/v2\/categories?post=52639"},{"taxonomy":"post_tag","embeddable":true,"href":"https:\/\/radionoticiascasanare.com\/inicio\/wp-json\/wp\/v2\/tags?post=52639"}],"curies":[{"name":"wp","href":"https:\/\/api.w.org\/{rel}","templated":true}]}}