{"id":52694,"date":"2024-07-04T00:30:14","date_gmt":"2024-07-04T05:30:14","guid":{"rendered":"https:\/\/radionoticiascasanare.com\/inicio\/?p=52694"},"modified":"2024-07-03T21:17:11","modified_gmt":"2024-07-04T02:17:11","slug":"ministra-de-transporte-se-compromete-a-buscar-soluciones-a-problematica-vial-que-afecta-a-casanare-y-boyaca","status":"publish","type":"post","link":"https:\/\/radionoticiascasanare.com\/inicio\/ministra-de-transporte-se-compromete-a-buscar-soluciones-a-problematica-vial-que-afecta-a-casanare-y-boyaca\/","title":{"rendered":"Ministra de Transporte se compromete a buscar soluciones a problem\u00e1tica vial que afecta a Casanare y Boyac\u00e1"},"content":{"rendered":"<p><img decoding=\"async\" class=\" wp-image-52695 alignleft\" src=\"https:\/\/radionoticiascasanare.com\/inicio\/wp-content\/uploads\/2024\/07\/WhatsApp-Image-2024-07-03-at-9.11.20-PM-300x162.jpeg\" alt=\"\" width=\"252\" height=\"136\" srcset=\"https:\/\/radionoticiascasanare.com\/inicio\/wp-content\/uploads\/2024\/07\/WhatsApp-Image-2024-07-03-at-9.11.20-PM-300x162.jpeg 300w, https:\/\/radionoticiascasanare.com\/inicio\/wp-content\/uploads\/2024\/07\/WhatsApp-Image-2024-07-03-at-9.11.20-PM.jpeg 547w\" sizes=\"(max-width: 252px) 100vw, 252px\" \/>La Senadora Sonia Bernal S\u00e1nchez y el Gobernador de Casanare, C\u00e9sar Ort\u00edz Zorro sostuvieron una reuni\u00f3n con la Viceministra de Transporte Mar\u00eda Constanza Garc\u00eda, quien fue designada como nueva Ministra de Transporte, para analizar la cr\u00edtica situaci\u00f3n vial que afrontan Boyac\u00e1 y Casanare.<\/p>\n<p>En el encuentro se evaluaron acciones definitivas a mediano y largo plazo y c\u00f3mo se podr\u00eda aunar esfuerzos para superar los problemas que est\u00e1 generando el invierno en v\u00edas como la Transversal del Cusiana Transversal del Sisga y el sector de Labranzagrande, para lograr una conectividad terrestre \u00f3ptima y segura.<\/p>\n<p>La funcionaria se comprometi\u00f3 a realizar con personal del Ministerio la verificaci\u00f3n de algunos puntos \u00e1lgidos del corredor, para determinar las salidas a esta problem\u00e1tica y hacer las recomendaciones a que hayan lugar.<\/p>\n<p>Gracias al trabajo desarrollado por la senadora Sonia Bernal con la nueva Ministra de Transporte, la entidad avanzar\u00e1 en los pr\u00f3ximos d\u00edas en la socializaci\u00f3n del plan de trabajo con la comunidad, las acciones a desarrollar y el proyecto trazado con el Ministerio de Transporte Colombia y el Gobernador C\u00e9sar Ortiz C\u00e9sar Ort\u00edz Zorro.<\/p>\n<p>As\u00ed mismo, se adelantar\u00e1n algunas acciones complementarias en la ciudad de Bogot\u00e1, para buscar soluciones a esta situaci\u00f3n compleja, la senadora indic\u00f3 que no asistir\u00e1 al municipio de Pajarito en Boyac\u00e1 este jueves cuando se tiene programada una reuni\u00f3n entre Inv\u00edas y la comunidad.<\/p>\n<p>Fuente y Fotograf\u00eda Oficina de Prensa Senadora Sonia Bernal S\u00e1nchez<\/p>\n","protected":false},"excerpt":{"rendered":"<p>La Senadora Sonia Bernal S\u00e1nchez y el Gobernador de Casanare, C\u00e9sar Ort\u00edz Zorro sostuvieron una reuni\u00f3n con la Viceministra de Transporte Mar\u00eda Constanza Garc\u00eda, quien fue designada como nueva Ministra de Transporte, para analizar la cr\u00edtica situaci\u00f3n vial que afrontan Boyac\u00e1 y Casanare. En el encuentro se evaluaron acciones definitivas a mediano y largo plazo [&hellip;]<\/p>\n","protected":false},"author":2,"featured_media":52695,"comment_status":"open","ping_status":"open","sticky":false,"template":"","format":"standard","meta":{"footnotes":""},"categories":[2,66,8492,8493],"tags":[3,5738,103,232,22192,238,22193,11258,22194,411],"class_list":["post-52694","post","type-post","status-publish","format-standard","has-post-thumbnail","hentry","category-casanare","category-destacadas","category-noticias-casanare","category-noticias-de-casanare","tag-casanare","tag-cesar-ortiz-zorro","tag-gobernador-de-casanare","tag-invias","tag-ministra-e-transporte","tag-radio-noticias-casanare","tag-senadora-sonia-bernal-sanchez","tag-transversal-del-cusiana","tag-transversal-del-sisga","tag-vias"],"_links":{"self":[{"href":"https:\/\/radionoticiascasanare.com\/inicio\/wp-json\/wp\/v2\/posts\/52694","targetHints":{"allow":["GET"]}}],"collection":[{"href":"https:\/\/radionoticiascasanare.com\/inicio\/wp-json\/wp\/v2\/posts"}],"about":[{"href":"https:\/\/radionoticiascasanare.com\/inicio\/wp-json\/wp\/v2\/types\/post"}],"author":[{"embeddable":true,"href":"https:\/\/radionoticiascasanare.com\/inicio\/wp-json\/wp\/v2\/users\/2"}],"replies":[{"embeddable":true,"href":"https:\/\/radionoticiascasanare.com\/inicio\/wp-json\/wp\/v2\/comments?post=52694"}],"version-history":[{"count":1,"href":"https:\/\/radionoticiascasanare.com\/inicio\/wp-json\/wp\/v2\/posts\/52694\/revisions"}],"predecessor-version":[{"id":52696,"href":"https:\/\/radionoticiascasanare.com\/inicio\/wp-json\/wp\/v2\/posts\/52694\/revisions\/52696"}],"wp:featuredmedia":[{"embeddable":true,"href":"https:\/\/radionoticiascasanare.com\/inicio\/wp-json\/wp\/v2\/media\/52695"}],"wp:attachment":[{"href":"https:\/\/radionoticiascasanare.com\/inicio\/wp-json\/wp\/v2\/media?parent=52694"}],"wp:term":[{"taxonomy":"category","embeddable":true,"href":"https:\/\/radionoticiascasanare.com\/inicio\/wp-json\/wp\/v2\/categories?post=52694"},{"taxonomy":"post_tag","embeddable":true,"href":"https:\/\/radionoticiascasanare.com\/inicio\/wp-json\/wp\/v2\/tags?post=52694"}],"curies":[{"name":"wp","href":"https:\/\/api.w.org\/{rel}","templated":true}]}}