{"id":52700,"date":"2024-07-04T00:40:31","date_gmt":"2024-07-04T05:40:31","guid":{"rendered":"https:\/\/radionoticiascasanare.com\/inicio\/?p=52700"},"modified":"2024-07-03T21:51:02","modified_gmt":"2024-07-04T02:51:02","slug":"la-carrera-corre-como-el-viento-llego-a-yopal-casanare","status":"publish","type":"post","link":"https:\/\/radionoticiascasanare.com\/inicio\/la-carrera-corre-como-el-viento-llego-a-yopal-casanare\/","title":{"rendered":"La carrera \u201cCorre como el viento\u201d lleg\u00f3 a Yopal, Casanare"},"content":{"rendered":"<p><img fetchpriority=\"high\" decoding=\"async\" class=\"alignleft wp-image-52701 size-medium\" src=\"https:\/\/radionoticiascasanare.com\/inicio\/wp-content\/uploads\/2024\/07\/WhatsApp-Image-2024-07-03-at-8.29.34-PM-scaled-e1720061261144-300x167.jpeg\" alt=\"\" width=\"300\" height=\"167\" srcset=\"https:\/\/radionoticiascasanare.com\/inicio\/wp-content\/uploads\/2024\/07\/WhatsApp-Image-2024-07-03-at-8.29.34-PM-scaled-e1720061261144-300x167.jpeg 300w, https:\/\/radionoticiascasanare.com\/inicio\/wp-content\/uploads\/2024\/07\/WhatsApp-Image-2024-07-03-at-8.29.34-PM-scaled-e1720061261144-1024x570.jpeg 1024w, https:\/\/radionoticiascasanare.com\/inicio\/wp-content\/uploads\/2024\/07\/WhatsApp-Image-2024-07-03-at-8.29.34-PM-scaled-e1720061261144-768x427.jpeg 768w, https:\/\/radionoticiascasanare.com\/inicio\/wp-content\/uploads\/2024\/07\/WhatsApp-Image-2024-07-03-at-8.29.34-PM-scaled-e1720061261144-1536x855.jpeg 1536w, https:\/\/radionoticiascasanare.com\/inicio\/wp-content\/uploads\/2024\/07\/WhatsApp-Image-2024-07-03-at-8.29.34-PM-scaled-e1720061261144-2048x1140.jpeg 2048w\" sizes=\"(max-width: 300px) 100vw, 300px\" \/>El pr\u00f3ximo 25 de agosto se desarrollar\u00e1 la carrera \u201cCorre como el Viento\u201d en Yopal, Casanare, con motivo de los 105 a\u00f1os de la Fuerza A\u00e9rea Colombiana (FAC). Este evento deportivo se realizar\u00e1 en las principales v\u00edas de la ciudad de Yopal y tendr\u00e1 dos recorridos: 5 km y 10 km. Las competiciones son una gran oportunidad para ejercitar cuerpo y mente, as\u00ed como para promover la salud y el bienestar a trav\u00e9s del deporte.<\/p>\n<p>Esta importante carrera es organizada por la Asociaci\u00f3n FAC Nuestra Se\u00f1ora de Loreto en alianza con la Fuerza A\u00e9rea Colombiana, la cual busca apoyar diversos programas sociales, como educativos (para universitarios, escolares y escuelas de formaci\u00f3n), voluntariado en el Hospital Militar Central, apoyo a capacidades diversas, vivienda y art\u00edculos ortop\u00e9dicos, con los fondos recaudados.<\/p>\n<p>Adem\u00e1s, se realizar\u00e1 tambi\u00e9n la participaci\u00f3n remota, lo que permitir\u00e1 que personas en cualquier parte de Colombia y del exterior se unan a esta conmemoraci\u00f3n. Los corredores podr\u00e1n elegir realizar el recorrido en el lugar de su preferencia, lo que les brinda la flexibilidad de adaptar la carrera a sus necesidades y preferencias.<\/p>\n<p>Este evento no solo es una iniciativa deportiva, sino tambi\u00e9n una excelente oportunidad para compartir en familia y apoyar actividades que benefician a la comunidad. La organizaci\u00f3n sortear\u00e1 varios premios entre todos los participantes inscritos, a\u00f1adiendo un elemento adicional de motivaci\u00f3n y emoci\u00f3n para todos los corredores.<\/p>\n<p>Para obtener m\u00e1s informaci\u00f3n sobre el evento, los interesados pueden contactar a la Asociaci\u00f3n FAC Nuestra Se\u00f1ora de Loreto a trav\u00e9s de la l\u00ednea telef\u00f3nica o WhatsApp al n\u00famero 3026890044. \u00a1No pierdas la oportunidad de ser parte de esta significativa celebraci\u00f3n y \u00fanete a nosotros en la carrera &#8220;Corre como el Viento&#8221;!<\/p>\n<p>Fuente y Fotograf\u00eda Grupo A\u00e9reo del Casanare<\/p>\n","protected":false},"excerpt":{"rendered":"<p>El pr\u00f3ximo 25 de agosto se desarrollar\u00e1 la carrera \u201cCorre como el Viento\u201d en Yopal, Casanare, con motivo de los 105 a\u00f1os de la Fuerza A\u00e9rea Colombiana (FAC). Este evento deportivo se realizar\u00e1 en las principales v\u00edas de la ciudad de Yopal y tendr\u00e1 dos recorridos: 5 km y 10 km. Las competiciones son una [&hellip;]<\/p>\n","protected":false},"author":2,"featured_media":52701,"comment_status":"open","ping_status":"open","sticky":false,"template":"","format":"standard","meta":{"footnotes":""},"categories":[2,66,8492,8493],"tags":[22197,22201,22200,22198,22199,3,537,357,238],"class_list":["post-52700","post","type-post","status-publish","format-standard","has-post-thumbnail","hentry","category-casanare","category-destacadas","category-noticias-casanare","category-noticias-de-casanare","tag-105-anos","tag-10k","tag-5k","tag-asociacion-fac-nuestra-senora-de-loreto","tag-carrera-recreativa","tag-casanare","tag-fuerza-aerea-colombiana","tag-grupo-aereo-del-casanare","tag-radio-noticias-casanare"],"_links":{"self":[{"href":"https:\/\/radionoticiascasanare.com\/inicio\/wp-json\/wp\/v2\/posts\/52700","targetHints":{"allow":["GET"]}}],"collection":[{"href":"https:\/\/radionoticiascasanare.com\/inicio\/wp-json\/wp\/v2\/posts"}],"about":[{"href":"https:\/\/radionoticiascasanare.com\/inicio\/wp-json\/wp\/v2\/types\/post"}],"author":[{"embeddable":true,"href":"https:\/\/radionoticiascasanare.com\/inicio\/wp-json\/wp\/v2\/users\/2"}],"replies":[{"embeddable":true,"href":"https:\/\/radionoticiascasanare.com\/inicio\/wp-json\/wp\/v2\/comments?post=52700"}],"version-history":[{"count":1,"href":"https:\/\/radionoticiascasanare.com\/inicio\/wp-json\/wp\/v2\/posts\/52700\/revisions"}],"predecessor-version":[{"id":52702,"href":"https:\/\/radionoticiascasanare.com\/inicio\/wp-json\/wp\/v2\/posts\/52700\/revisions\/52702"}],"wp:featuredmedia":[{"embeddable":true,"href":"https:\/\/radionoticiascasanare.com\/inicio\/wp-json\/wp\/v2\/media\/52701"}],"wp:attachment":[{"href":"https:\/\/radionoticiascasanare.com\/inicio\/wp-json\/wp\/v2\/media?parent=52700"}],"wp:term":[{"taxonomy":"category","embeddable":true,"href":"https:\/\/radionoticiascasanare.com\/inicio\/wp-json\/wp\/v2\/categories?post=52700"},{"taxonomy":"post_tag","embeddable":true,"href":"https:\/\/radionoticiascasanare.com\/inicio\/wp-json\/wp\/v2\/tags?post=52700"}],"curies":[{"name":"wp","href":"https:\/\/api.w.org\/{rel}","templated":true}]}}