{"id":52941,"date":"2024-07-19T00:12:17","date_gmt":"2024-07-19T05:12:17","guid":{"rendered":"https:\/\/radionoticiascasanare.com\/inicio\/?p=52941"},"modified":"2024-07-18T19:09:20","modified_gmt":"2024-07-19T00:09:20","slug":"no-nos-aprueban-las-reformas-en-el-congreso-porque-no-compramos-congresistas-presidente-petro","status":"publish","type":"post","link":"https:\/\/radionoticiascasanare.com\/inicio\/no-nos-aprueban-las-reformas-en-el-congreso-porque-no-compramos-congresistas-presidente-petro\/","title":{"rendered":"\u201cNo nos aprueban las reformas en el Congreso porque no compramos congresistas\u201d: presidente Petro"},"content":{"rendered":"<div>\n<figure id=\"attachment_51812\" aria-describedby=\"caption-attachment-51812\" style=\"width: 300px\" class=\"wp-caption alignleft\"><img fetchpriority=\"high\" decoding=\"async\" class=\"size-medium wp-image-51812\" src=\"https:\/\/radionoticiascasanare.com\/inicio\/wp-content\/uploads\/2024\/05\/240509-05-Gobierno-con-los-Barrios-Populares-Manizales-1280-300x169.jpg\" alt=\"Auditor\u00eda especial a los giros directos que hace la ADRES a cl\u00ednicas y hospitales, pidi\u00f3 el presidente Gustavo Petro\" width=\"300\" height=\"169\" srcset=\"https:\/\/radionoticiascasanare.com\/inicio\/wp-content\/uploads\/2024\/05\/240509-05-Gobierno-con-los-Barrios-Populares-Manizales-1280-300x169.jpg 300w, https:\/\/radionoticiascasanare.com\/inicio\/wp-content\/uploads\/2024\/05\/240509-05-Gobierno-con-los-Barrios-Populares-Manizales-1280-1024x576.jpg 1024w, https:\/\/radionoticiascasanare.com\/inicio\/wp-content\/uploads\/2024\/05\/240509-05-Gobierno-con-los-Barrios-Populares-Manizales-1280-768x432.jpg 768w, https:\/\/radionoticiascasanare.com\/inicio\/wp-content\/uploads\/2024\/05\/240509-05-Gobierno-con-los-Barrios-Populares-Manizales-1280.jpg 1280w\" sizes=\"(max-width: 300px) 100vw, 300px\" \/><figcaption id=\"caption-attachment-51812\" class=\"wp-caption-text\">Foto Presidente Gustavo Petro \/Presidencia de la Rep\u00fablica Archivo<\/figcaption><\/figure>\n<p>De forma categ\u00f3rica, el presidente Gustavo Petro desminti\u00f3 que el Gobierno del Cambio haya \u2018comprado\u2019 congresistas para que le aprobaran las reformas sociales que puso a consideraci\u00f3n del Legislativo.<\/p><\/div>\n<div><\/div>\n<div>Durante el lanzamiento del programa \u2018Conectividad para cambiar vidas\u2019 en el puerto de Buenaventura, el mandatario se refiri\u00f3 a las denuncias no probadas en ese sentido por parte del exdirector de la Unidad Nacional de Gesti\u00f3n del Riesgo de Desastres (UNGRD).<\/div>\n<div><\/div>\n<div>\u201cNos gritan corruptos los que yo denunci\u00e9 de corruptos porque se robaron los dineros de la salud para financiar a los paramilitares. Dicen dizque estamos financiando al ELN y tienen la sinverg\u00fcencer\u00eda de mostrar el contrato con el que supuestamente se financi\u00f3 al ELN, y no se dan cuenta de que la plata nunca sali\u00f3 para ese contrato, porque este Presidente ech\u00f3 a Olmedo L\u00f3pez de la UNGRD, si no, la plata hubiera salido para alg\u00fan vagabundo o alguna vagabunda que se repart\u00eda la comisi\u00f3n con el mismo Olmedo, un bandido. \u00bfQui\u00e9n salv\u00f3 eso? Este Pechito. Pero tienen la vagabunder\u00eda de decir que este Presidente est\u00e1 financiando al ELN, si no sali\u00f3 ni un peso, y vamos a salvar el resto del dinero p\u00fablico\u201d, asegur\u00f3 el mandatario.<\/div>\n<div><\/div>\n<div>El jefe de Estado desminti\u00f3 tambi\u00e9n que su administraci\u00f3n haya sobornado a congresistas a cambio de que le aprobaran las reformas sociales del Gobierno del Cambio.<\/div>\n<div><\/div>\n<div>\u201cDicen que estamos comprando congresistas para hacer aprobar las leyes. \u00bfCu\u00e1l?, si la Reforma Pensional demor\u00f3 dos a\u00f1os, y el que m\u00e1s la hizo demorar es el que dicen que recibi\u00f3 una maleta con $3.000 millones, copartidario de una de las amigas que nos han traicionado y que est\u00e1 en el Congreso de la Rep\u00fablica\u201d, se\u00f1al\u00f3.<\/div>\n<div><\/div>\n<div>El presidente Petro se pregunt\u00f3: \u00bfD\u00f3nde est\u00e1 la reforma a la salud?, la hundieron aquellos que parece que s\u00ed recibieron dineros en la campa\u00f1a de una empresa que se llama Keralty, que es due\u00f1a de Colsanitas\u201d, dijo.<\/div>\n<div><\/div>\n<div>Y agreg\u00f3: \u00bfD\u00f3nde est\u00e1 la reforma laboral que le entregas dignidad al pueblo trabajador? \u00bfAcaso la han aprobado? \u00bfEntonces nos van a decir que compramos congresistas? Quiz\u00e1s porque no compramos congresistas es que no nos han aprobado las reformas. Las otras leyes, las de privatizar el Estado sal\u00edan r\u00e1pido: los servicios p\u00fablicos, los bienes comunes de la gente. El ladr\u00f3n juzgando por su condici\u00f3n\u201d, afirm\u00f3.<\/div>\n<div><\/div>\n<div>Al referirse nuevamente a las denuncias de Olmedo L\u00f3pez, el mandatario asegur\u00f3 que las personas que salen publicadas son los miembros de la Comisi\u00f3n Interparlamentaria de Cr\u00e9dito que no hacen leyes.<\/div>\n<div><\/div>\n<div>\u201cYo espero que sea mentiras, pero esa comisi\u00f3n solo nos aprueba no leyes sino poder endeudarnos para pagar las deudas que nos dej\u00f3 el anterior Gobierno. \u00bfQu\u00e9 quieren, entonces, que no paguemos las deudas y que nos cierren los mercados internacionales? Ah\u00ed s\u00ed salen a decir: \u2018Que burro el Petro, que no paga las deudas y lleva al colapso la econom\u00eda nacional\u2019\u201d, insisti\u00f3.<\/div>\n<div><\/div>\n<div>El Presidente confi\u00f3 en que ning\u00fan congresista haya recibido cupos indicativos, pero si lo hizo, se va a la c\u00e1rcel. \u201cLa orden del Presidente es que eso no se da, que la relaci\u00f3n con el congresista es sobre el argumento. Si quiere gobierna con nosotros, pero no para robarse el erario sino para entregarle el erario al pueblo\u201d, concluy\u00f3.<\/div>\n<div><\/div>\n<div>Fuente y Fotograf\u00eda Presidencia de la Rep\u00fablica<\/div>\n<div><\/div>\n","protected":false},"excerpt":{"rendered":"<p>De forma categ\u00f3rica, el presidente Gustavo Petro desminti\u00f3 que el Gobierno del Cambio haya \u2018comprado\u2019 congresistas para que le aprobaran las reformas sociales que puso a consideraci\u00f3n del Legislativo. Durante el lanzamiento del programa \u2018Conectividad para cambiar vidas\u2019 en el puerto de Buenaventura, el mandatario se refiri\u00f3 a las denuncias no probadas en ese sentido [&hellip;]<\/p>\n","protected":false},"author":2,"featured_media":51812,"comment_status":"open","ping_status":"open","sticky":false,"template":"","format":"standard","meta":{"footnotes":""},"categories":[66,168,51,5476],"tags":[5327,22390,2265,22389,22391,17282,238,22388],"class_list":["post-52941","post","type-post","status-publish","format-standard","has-post-thumbnail","hentry","category-destacadas","category-generales","category-nacional","category-politica","tag-denuncias","tag-financiar-eln","tag-nacional","tag-no-ha-comprado-contratistas","tag-olmedo-lopez","tag-presidente-gustavo-petro","tag-radio-noticias-casanare","tag-reformas-sociales"],"_links":{"self":[{"href":"https:\/\/radionoticiascasanare.com\/inicio\/wp-json\/wp\/v2\/posts\/52941","targetHints":{"allow":["GET"]}}],"collection":[{"href":"https:\/\/radionoticiascasanare.com\/inicio\/wp-json\/wp\/v2\/posts"}],"about":[{"href":"https:\/\/radionoticiascasanare.com\/inicio\/wp-json\/wp\/v2\/types\/post"}],"author":[{"embeddable":true,"href":"https:\/\/radionoticiascasanare.com\/inicio\/wp-json\/wp\/v2\/users\/2"}],"replies":[{"embeddable":true,"href":"https:\/\/radionoticiascasanare.com\/inicio\/wp-json\/wp\/v2\/comments?post=52941"}],"version-history":[{"count":1,"href":"https:\/\/radionoticiascasanare.com\/inicio\/wp-json\/wp\/v2\/posts\/52941\/revisions"}],"predecessor-version":[{"id":52942,"href":"https:\/\/radionoticiascasanare.com\/inicio\/wp-json\/wp\/v2\/posts\/52941\/revisions\/52942"}],"wp:featuredmedia":[{"embeddable":true,"href":"https:\/\/radionoticiascasanare.com\/inicio\/wp-json\/wp\/v2\/media\/51812"}],"wp:attachment":[{"href":"https:\/\/radionoticiascasanare.com\/inicio\/wp-json\/wp\/v2\/media?parent=52941"}],"wp:term":[{"taxonomy":"category","embeddable":true,"href":"https:\/\/radionoticiascasanare.com\/inicio\/wp-json\/wp\/v2\/categories?post=52941"},{"taxonomy":"post_tag","embeddable":true,"href":"https:\/\/radionoticiascasanare.com\/inicio\/wp-json\/wp\/v2\/tags?post=52941"}],"curies":[{"name":"wp","href":"https:\/\/api.w.org\/{rel}","templated":true}]}}