{"id":53535,"date":"2024-08-26T01:50:55","date_gmt":"2024-08-26T06:50:55","guid":{"rendered":"https:\/\/radionoticiascasanare.com\/inicio\/?p=53535"},"modified":"2024-08-26T01:50:55","modified_gmt":"2024-08-26T06:50:55","slug":"declaracion-conjunta-de-brasil-y-colombia-sobre-situacion-en-venezuela","status":"publish","type":"post","link":"https:\/\/radionoticiascasanare.com\/inicio\/declaracion-conjunta-de-brasil-y-colombia-sobre-situacion-en-venezuela\/","title":{"rendered":"Declaraci\u00f3n conjunta de Brasil y Colombia sobre situaci\u00f3n en Venezuela"},"content":{"rendered":"<p><img decoding=\"async\" class=\" wp-image-53536 alignleft\" src=\"https:\/\/radionoticiascasanare.com\/inicio\/wp-content\/uploads\/2024\/08\/WhatsApp-Image-2024-08-26-at-1.45.52-AM.jpeg\" alt=\"\" width=\"265\" height=\"157\" \/>Los presidentes Luiz In\u00e1cio Lula da Silva y Gustavo Petro sostuvieron entre el ayer y hoy (23 y 24\/8) conversaciones telef\u00f3nicas sobre el tema de las elecciones presidenciales en Venezuela.<\/p>\n<p>Ambos presidentes siguen convencidos de que la credibilidad del proceso electoral s\u00f3lo podr\u00e1 restablecerse mediante la publicaci\u00f3n transparente de datos desglosados y verificables.<\/p>\n<p>La normalizaci\u00f3n pol\u00edtica de Venezuela requiere el reconocimiento de que no existe una alternativa duradera al di\u00e1logo pac\u00edfico y a la convivencia democr\u00e1tica en la diversidad.<\/p>\n<p>Los dos presidentes llaman a todos los involucrados a evitar recurrir a actos de violencia y represi\u00f3n.<\/p>\n<p>Como pa\u00edses vecinos directamente interesados en la estabilidad de Venezuela y de la regi\u00f3n, y testigos de los Acuerdos de Barbados, Brasil y Colombia mantienen abiertos sus canales de comunicaci\u00f3n con las partes y reiteran su disposici\u00f3n a facilitar el entendimiento entre ellas.<\/p>\n<p>Brasil y Colombia toman nota de la decisi\u00f3n del Tribunal Supremo de Justicia (TSJ) de Venezuela sobre el proceso electoral. Reiteran que siguen aguardando la difusi\u00f3n, por parte del Consejo Nacional Electoral, de las actas desglosadas por mesa de votaci\u00f3n. Cabe recordar los compromisos asumidos por el gobierno y la oposici\u00f3n mediante la firma de los Acuerdos de Barbados, cuyo esp\u00edritu de transparencia debe ser respetado.<\/p>\n<p>Manifiestan tambi\u00e9n su total oposici\u00f3n a la continuada aplicaci\u00f3n de sanciones unilaterales como instrumento de presi\u00f3n. Comparten el entendimiento de que sanciones unilaterales son contrarias al derecho internacional y perjudican la poblaci\u00f3n de los pa\u00edses sancionados, en especial a los sectores m\u00e1s vulnerables.<\/p>\n<p>Fuente y Fotograf\u00eda Presidencia de la Rep\u00fablica<\/p>\n","protected":false},"excerpt":{"rendered":"<p>Los presidentes Luiz In\u00e1cio Lula da Silva y Gustavo Petro sostuvieron entre el ayer y hoy (23 y 24\/8) conversaciones telef\u00f3nicas sobre el tema de las elecciones presidenciales en Venezuela. Ambos presidentes siguen convencidos de que la credibilidad del proceso electoral s\u00f3lo podr\u00e1 restablecerse mediante la publicaci\u00f3n transparente de datos desglosados y verificables. La normalizaci\u00f3n [&hellip;]<\/p>\n","protected":false},"author":2,"featured_media":53536,"comment_status":"open","ping_status":"open","sticky":false,"template":"","format":"standard","meta":{"footnotes":""},"categories":[66,85,51,5476],"tags":[],"class_list":["post-53535","post","type-post","status-publish","format-standard","has-post-thumbnail","hentry","category-destacadas","category-internacional","category-nacional","category-politica"],"_links":{"self":[{"href":"https:\/\/radionoticiascasanare.com\/inicio\/wp-json\/wp\/v2\/posts\/53535","targetHints":{"allow":["GET"]}}],"collection":[{"href":"https:\/\/radionoticiascasanare.com\/inicio\/wp-json\/wp\/v2\/posts"}],"about":[{"href":"https:\/\/radionoticiascasanare.com\/inicio\/wp-json\/wp\/v2\/types\/post"}],"author":[{"embeddable":true,"href":"https:\/\/radionoticiascasanare.com\/inicio\/wp-json\/wp\/v2\/users\/2"}],"replies":[{"embeddable":true,"href":"https:\/\/radionoticiascasanare.com\/inicio\/wp-json\/wp\/v2\/comments?post=53535"}],"version-history":[{"count":1,"href":"https:\/\/radionoticiascasanare.com\/inicio\/wp-json\/wp\/v2\/posts\/53535\/revisions"}],"predecessor-version":[{"id":53537,"href":"https:\/\/radionoticiascasanare.com\/inicio\/wp-json\/wp\/v2\/posts\/53535\/revisions\/53537"}],"wp:featuredmedia":[{"embeddable":true,"href":"https:\/\/radionoticiascasanare.com\/inicio\/wp-json\/wp\/v2\/media\/53536"}],"wp:attachment":[{"href":"https:\/\/radionoticiascasanare.com\/inicio\/wp-json\/wp\/v2\/media?parent=53535"}],"wp:term":[{"taxonomy":"category","embeddable":true,"href":"https:\/\/radionoticiascasanare.com\/inicio\/wp-json\/wp\/v2\/categories?post=53535"},{"taxonomy":"post_tag","embeddable":true,"href":"https:\/\/radionoticiascasanare.com\/inicio\/wp-json\/wp\/v2\/tags?post=53535"}],"curies":[{"name":"wp","href":"https:\/\/api.w.org\/{rel}","templated":true}]}}