{"id":53570,"date":"2024-08-28T00:09:09","date_gmt":"2024-08-28T05:09:09","guid":{"rendered":"https:\/\/radionoticiascasanare.com\/inicio\/?p=53570"},"modified":"2024-08-27T17:29:52","modified_gmt":"2024-08-27T22:29:52","slug":"corporinoquia-apoya-la-optimizacion-de-la-ptar-en-la-salina-casanare","status":"publish","type":"post","link":"https:\/\/radionoticiascasanare.com\/inicio\/corporinoquia-apoya-la-optimizacion-de-la-ptar-en-la-salina-casanare\/","title":{"rendered":"Corporinoquia Apoya la Optimizaci\u00f3n de la PTAR en La Salina, Casanare"},"content":{"rendered":"<p><img decoding=\"async\" class=\"size-medium wp-image-53571 alignleft\" src=\"https:\/\/radionoticiascasanare.com\/inicio\/wp-content\/uploads\/2024\/08\/La-Salina-PTAR-300x131.jpg\" alt=\"\" width=\"300\" height=\"131\" srcset=\"https:\/\/radionoticiascasanare.com\/inicio\/wp-content\/uploads\/2024\/08\/La-Salina-PTAR-300x131.jpg 300w, https:\/\/radionoticiascasanare.com\/inicio\/wp-content\/uploads\/2024\/08\/La-Salina-PTAR-1024x447.jpg 1024w, https:\/\/radionoticiascasanare.com\/inicio\/wp-content\/uploads\/2024\/08\/La-Salina-PTAR-768x335.jpg 768w, https:\/\/radionoticiascasanare.com\/inicio\/wp-content\/uploads\/2024\/08\/La-Salina-PTAR-1536x670.jpg 1536w, https:\/\/radionoticiascasanare.com\/inicio\/wp-content\/uploads\/2024\/08\/La-Salina-PTAR.jpg 1600w\" sizes=\"(max-width: 300px) 100vw, 300px\" \/>En el marco de la Semana del Agua, la Corporaci\u00f3n Aut\u00f3noma Regional de la Orinoquia, Corporinoquia destac\u00f3 su compromiso con el medio ambiente a trav\u00e9s del apoyo a la optimizaci\u00f3n de la Planta de Tratamiento de Aguas Residuales (PTAR) del Municipio de La Salina en Casanare.<\/p>\n<p>Como parte de su misi\u00f3n de mejorar las condiciones ambientales, la Corporaci\u00f3n Ambiental ha cofinanciado este proyecto estrat\u00e9gico que busca asegurar soluciones efectivas para la protecci\u00f3n y conservaci\u00f3n del entorno.<\/p>\n<p>Dicho proceso incluye la construcci\u00f3n de rejillas de desbaste, estructuras para medici\u00f3n de caudales, tanques, reactores biol\u00f3gicos, filtros y sedimentadores, elementos clave para la remoci\u00f3n eficiente de carga contaminante, s\u00f3lidos suspendidos, grasas y aceites.<\/p>\n<p>La inversi\u00f3n total en la optimizaci\u00f3n de la PTAR asciende a $1.137.140.838, de los cuales Corporinoquia aportar\u00e1 $1.006.835.922, subrayando su compromiso con el desarrollo sostenible y el cuidado del medio ambiente en la regi\u00f3n.<\/p>\n<p>Fuente y Fotograf\u00eda Corporinoquia<\/p>\n","protected":false},"excerpt":{"rendered":"<p>En el marco de la Semana del Agua, la Corporaci\u00f3n Aut\u00f3noma Regional de la Orinoquia, Corporinoquia destac\u00f3 su compromiso con el medio ambiente a trav\u00e9s del apoyo a la optimizaci\u00f3n de la Planta de Tratamiento de Aguas Residuales (PTAR) del Municipio de La Salina en Casanare. Como parte de su misi\u00f3n de mejorar las condiciones [&hellip;]<\/p>\n","protected":false},"author":2,"featured_media":53571,"comment_status":"open","ping_status":"open","sticky":false,"template":"","format":"standard","meta":{"footnotes":""},"categories":[2,66,21743,8492,8493],"tags":[3,22791,43,22792,74,22790,1026,8567,317,238,22793,22789],"class_list":["post-53570","post","type-post","status-publish","format-standard","has-post-thumbnail","hentry","category-casanare","category-destacadas","category-medio-ambiente","category-noticias-casanare","category-noticias-de-casanare","tag-casanare","tag-construccion-de-rejillas-de-debaste","tag-corporinoquia","tag-filtros","tag-la-salina","tag-medicion-de-caudales","tag-medio-ambiente","tag-planta-de-tratamiento-de-aguas-residuales","tag-ptar","tag-radio-noticias-casanare","tag-sedimentadores","tag-semana-del-agua"],"_links":{"self":[{"href":"https:\/\/radionoticiascasanare.com\/inicio\/wp-json\/wp\/v2\/posts\/53570","targetHints":{"allow":["GET"]}}],"collection":[{"href":"https:\/\/radionoticiascasanare.com\/inicio\/wp-json\/wp\/v2\/posts"}],"about":[{"href":"https:\/\/radionoticiascasanare.com\/inicio\/wp-json\/wp\/v2\/types\/post"}],"author":[{"embeddable":true,"href":"https:\/\/radionoticiascasanare.com\/inicio\/wp-json\/wp\/v2\/users\/2"}],"replies":[{"embeddable":true,"href":"https:\/\/radionoticiascasanare.com\/inicio\/wp-json\/wp\/v2\/comments?post=53570"}],"version-history":[{"count":1,"href":"https:\/\/radionoticiascasanare.com\/inicio\/wp-json\/wp\/v2\/posts\/53570\/revisions"}],"predecessor-version":[{"id":53572,"href":"https:\/\/radionoticiascasanare.com\/inicio\/wp-json\/wp\/v2\/posts\/53570\/revisions\/53572"}],"wp:featuredmedia":[{"embeddable":true,"href":"https:\/\/radionoticiascasanare.com\/inicio\/wp-json\/wp\/v2\/media\/53571"}],"wp:attachment":[{"href":"https:\/\/radionoticiascasanare.com\/inicio\/wp-json\/wp\/v2\/media?parent=53570"}],"wp:term":[{"taxonomy":"category","embeddable":true,"href":"https:\/\/radionoticiascasanare.com\/inicio\/wp-json\/wp\/v2\/categories?post=53570"},{"taxonomy":"post_tag","embeddable":true,"href":"https:\/\/radionoticiascasanare.com\/inicio\/wp-json\/wp\/v2\/tags?post=53570"}],"curies":[{"name":"wp","href":"https:\/\/api.w.org\/{rel}","templated":true}]}}