{"id":54016,"date":"2024-09-23T00:30:42","date_gmt":"2024-09-23T05:30:42","guid":{"rendered":"https:\/\/radionoticiascasanare.com\/inicio\/?p=54016"},"modified":"2024-09-22T23:39:29","modified_gmt":"2024-09-23T04:39:29","slug":"unidad-movil-rosa-de-capresoca-se-abre-paso-por-casanare-en-su-lucha-contra-el-cancer-de-mama-5-869-mamografias-tomadas-a-usuarias-con-corte-a-agosto","status":"publish","type":"post","link":"https:\/\/radionoticiascasanare.com\/inicio\/unidad-movil-rosa-de-capresoca-se-abre-paso-por-casanare-en-su-lucha-contra-el-cancer-de-mama-5-869-mamografias-tomadas-a-usuarias-con-corte-a-agosto\/","title":{"rendered":"Unidad M\u00f3vil Rosa de Capresoca se abre paso por Casanare, en su lucha contra el c\u00e1ncer de mama:  5.869 mamograf\u00edas tomadas a usuarias con corte a agosto"},"content":{"rendered":"<p><img decoding=\"async\" class=\" wp-image-53789 alignleft\" src=\"https:\/\/radionoticiascasanare.com\/inicio\/wp-content\/uploads\/2024\/09\/capanarosa-300x259.jpeg\" alt=\"\" width=\"203\" height=\"175\" srcset=\"https:\/\/radionoticiascasanare.com\/inicio\/wp-content\/uploads\/2024\/09\/capanarosa-300x259.jpeg 300w, https:\/\/radionoticiascasanare.com\/inicio\/wp-content\/uploads\/2024\/09\/capanarosa-1024x883.jpeg 1024w, https:\/\/radionoticiascasanare.com\/inicio\/wp-content\/uploads\/2024\/09\/capanarosa-768x662.jpeg 768w, https:\/\/radionoticiascasanare.com\/inicio\/wp-content\/uploads\/2024\/09\/capanarosa-1536x1324.jpeg 1536w, https:\/\/radionoticiascasanare.com\/inicio\/wp-content\/uploads\/2024\/09\/capanarosa.jpeg 1600w\" sizes=\"(max-width: 203px) 100vw, 203px\" \/>La EPS de los casanare\u00f1os ha recorrido el departamento en una gran cruzada por la vida y la promoci\u00f3n de la salud, a trav\u00e9s de jornadas de toma de\u00a0 mamograf\u00edas realizadas en su Unidad M\u00f3vil Rosa; beneficiando a usuarias de entre 50 y 69 a\u00f1os, quienes han accedido de manera gratuita a este examen de prevenci\u00f3n y detecci\u00f3n oportuna del c\u00e1ncer de mama.<\/p>\n<p>Con corte a agosto, se han tomado 5.869 mamograf\u00edas a usuarias de diferentes municipios del departamento,\u00a0 tanto del r\u00e9gimen subsidiado como contributivo, quienes se acercaron a la Unidad M\u00f3vil durante las jornadas de tamizaci\u00f3n de c\u00e1ncer de mama, programadas desde enero, a trav\u00e9s del operador log\u00edstico de Capresoca EPS, Ama IPS.<\/p>\n<p>El principal prop\u00f3sito de la EPS es llegar a territorio con este examen, que puede salvarle la vida a sus usuarias si se diagn\u00f3stica a tiempo alguna malformaci\u00f3n o alteraci\u00f3n en las mamas.<\/p>\n<p>Capresoca reduce las barreras de acceso en la atenci\u00f3n en salud a sus afiliadas llevando la Unidad M\u00f3vil a los municipios,\u00a0 evitando su desplazamiento hasta Yopal a realizarse este examen, lo que implica la inversi\u00f3n de recursos para asumir el transporte y vi\u00e1ticos desde sus lugares de residencia.<\/p>\n<p>La mamograf\u00eda es una prueba de rayos X que ayuda a identificar transformaciones malignas en el pecho. Se utiliza como muestra diagn\u00f3stica para examinar a mujeres sintom\u00e1ticas y tambi\u00e9n como examen de tamizaje en mujeres asintom\u00e1ticas.<\/p>\n<p>El objetivo de la mamograf\u00eda de tamizaje es la detecci\u00f3n temprana del c\u00e1ncer de mama, antes de que se perciban bultos en el pecho, asegurando la alta calidad de la mamograf\u00eda y minimizando la exposici\u00f3n de las pacientes a la radiaci\u00f3n.<\/p>\n<p>La mamograf\u00eda se toma a partir de los 50 a\u00f1os, cada 2 a\u00f1os, hasta\u00a0los\u00a069\u00a0a\u00f1os.<\/p>\n<div class=\"yj6qo\">Video<\/div>\n<div><\/div>\n<div>\n<div style=\"width: 640px;\" class=\"wp-video\"><video class=\"wp-video-shortcode\" id=\"video-54016-1\" width=\"640\" height=\"640\" preload=\"metadata\" controls=\"controls\"><source type=\"video\/mp4\" src=\"https:\/\/radionoticiascasanare.com\/inicio\/wp-content\/uploads\/2024\/09\/Video-Capresoca.mp4?_=1\" \/><a href=\"https:\/\/radionoticiascasanare.com\/inicio\/wp-content\/uploads\/2024\/09\/Video-Capresoca.mp4\">https:\/\/radionoticiascasanare.com\/inicio\/wp-content\/uploads\/2024\/09\/Video-Capresoca.mp4<\/a><\/video><\/div>\n<\/div>\n<div class=\"adL\">Fuente y Fotograf\u00eda Capresoca EPS<\/div>\n","protected":false},"excerpt":{"rendered":"<p>La EPS de los casanare\u00f1os ha recorrido el departamento en una gran cruzada por la vida y la promoci\u00f3n de la salud, a trav\u00e9s de jornadas de toma de\u00a0 mamograf\u00edas realizadas en su Unidad M\u00f3vil Rosa; beneficiando a usuarias de entre 50 y 69 a\u00f1os, quienes han accedido de manera gratuita a este examen de [&hellip;]<\/p>\n","protected":false},"author":2,"featured_media":53789,"comment_status":"open","ping_status":"open","sticky":false,"template":"","format":"standard","meta":{"footnotes":""},"categories":[2,66,8492,8493],"tags":[],"class_list":["post-54016","post","type-post","status-publish","format-standard","has-post-thumbnail","hentry","category-casanare","category-destacadas","category-noticias-casanare","category-noticias-de-casanare"],"_links":{"self":[{"href":"https:\/\/radionoticiascasanare.com\/inicio\/wp-json\/wp\/v2\/posts\/54016","targetHints":{"allow":["GET"]}}],"collection":[{"href":"https:\/\/radionoticiascasanare.com\/inicio\/wp-json\/wp\/v2\/posts"}],"about":[{"href":"https:\/\/radionoticiascasanare.com\/inicio\/wp-json\/wp\/v2\/types\/post"}],"author":[{"embeddable":true,"href":"https:\/\/radionoticiascasanare.com\/inicio\/wp-json\/wp\/v2\/users\/2"}],"replies":[{"embeddable":true,"href":"https:\/\/radionoticiascasanare.com\/inicio\/wp-json\/wp\/v2\/comments?post=54016"}],"version-history":[{"count":1,"href":"https:\/\/radionoticiascasanare.com\/inicio\/wp-json\/wp\/v2\/posts\/54016\/revisions"}],"predecessor-version":[{"id":54018,"href":"https:\/\/radionoticiascasanare.com\/inicio\/wp-json\/wp\/v2\/posts\/54016\/revisions\/54018"}],"wp:featuredmedia":[{"embeddable":true,"href":"https:\/\/radionoticiascasanare.com\/inicio\/wp-json\/wp\/v2\/media\/53789"}],"wp:attachment":[{"href":"https:\/\/radionoticiascasanare.com\/inicio\/wp-json\/wp\/v2\/media?parent=54016"}],"wp:term":[{"taxonomy":"category","embeddable":true,"href":"https:\/\/radionoticiascasanare.com\/inicio\/wp-json\/wp\/v2\/categories?post=54016"},{"taxonomy":"post_tag","embeddable":true,"href":"https:\/\/radionoticiascasanare.com\/inicio\/wp-json\/wp\/v2\/tags?post=54016"}],"curies":[{"name":"wp","href":"https:\/\/api.w.org\/{rel}","templated":true}]}}