{"id":5433,"date":"2016-06-29T12:51:55","date_gmt":"2016-06-29T12:51:55","guid":{"rendered":"http:\/\/radionoticiascasanare.com\/inicio\/?p=5433"},"modified":"2016-06-29T12:51:55","modified_gmt":"2016-06-29T12:51:55","slug":"ministerio-de-minas-estudiara-solicitud-de-recomposicion-tarifaria-que-generaria-respaldo-economico-a-enerca","status":"publish","type":"post","link":"https:\/\/radionoticiascasanare.com\/inicio\/ministerio-de-minas-estudiara-solicitud-de-recomposicion-tarifaria-que-generaria-respaldo-economico-a-enerca\/","title":{"rendered":"Ministerio de Minas estudiar\u00e1 solicitud de recomposici\u00f3n tarifaria que generar\u00eda respaldo econ\u00f3mico a Enerca"},"content":{"rendered":"<p>La capitalizaci\u00f3n que hizo la Gobernaci\u00f3n de Casanare con la transferencia de activos por $75 mil millones pueda permitir que se adelante una recomposici\u00f3n tarifaria en Enerca, que contribuir\u00eda en recibir $12 mil millones anuales sin afecte a los usuarios en su factura.<\/p>\n<p>La solicitud fue hecha por el Mandatario Seccional, Josu\u00e9 Alirio Barrera Rodr\u00edguez; el Gerente de la Empresa de Energ\u00eda de Casanare, Hayver Guti\u00e9rrez Montes y el Senador Alexander L\u00f3pez, quien lider\u00f3 la comisi\u00f3n en el encuentro con el Ministro de Minas y Energ\u00eda, Germ\u00e1n Arce Zapata, quien se comprometi\u00f3 a estudiar y viabilizar la petici\u00f3n para beneficiar la entidad regional prestadora del servicio.<\/p>\n<p>La petici\u00f3n busca reactivar el tema que fue rechazada por la Comisi\u00f3n de Regulaci\u00f3n de Energ\u00eda y Gas, CREG bajo el argumento que no ten\u00eda informaci\u00f3n actualizada sobre los activos de Enerca sin que se haya definido una nueva revisi\u00f3n de la solicitud para acogerse a la norma que reza que si una empresa hace inversiones comenzar\u00e1 a recibir m\u00e1s recursos y para este caso, quienes prestan los servicios de generaci\u00f3n recibir\u00edan menos y la Empresa de Energ\u00eda de Casanare que es distribuidora recibir\u00eda m\u00e1s, sin afectar la factura final a los usuarios.<\/p>\n<p>El Ministro de Minas y energ\u00eda se\u00f1al\u00f3 que en un mes aproximadamente se haya despejado el tema y se empiece a recibir recursos que permitir\u00e1n mejorar las inversiones por parte de Enerca.<\/p>\n<p>Fuente y Fotograf\u00eda Gobernaci\u00f3n de Casanare &#8211; Enerca &#8211; Violeta St.<\/p>\n<p>&nbsp;<\/p>\n","protected":false},"excerpt":{"rendered":"<p>La capitalizaci\u00f3n que hizo la Gobernaci\u00f3n de Casanare con la transferencia de activos por $75 mil millones pueda permitir que se adelante una recomposici\u00f3n tarifaria en Enerca, que contribuir\u00eda en recibir $12 mil millones anuales sin afecte a los usuarios en su factura. La solicitud fue hecha por el Mandatario Seccional, Josu\u00e9 Alirio Barrera Rodr\u00edguez; [&hellip;]<\/p>\n","protected":false},"author":1,"featured_media":0,"comment_status":"closed","ping_status":"closed","sticky":false,"template":"","format":"standard","meta":{"footnotes":""},"categories":[2,66],"tags":[1708,3,307,224,376,103,1164,238,371],"class_list":["post-5433","post","type-post","status-publish","format-standard","hentry","category-casanare","category-destacadas","tag-capitalizacion","tag-casanare","tag-creg","tag-enerca","tag-energia","tag-gobernador-de-casanare","tag-ministerio-de-minas","tag-radio-noticias-casanare","tag-tarifas"],"_links":{"self":[{"href":"https:\/\/radionoticiascasanare.com\/inicio\/wp-json\/wp\/v2\/posts\/5433","targetHints":{"allow":["GET"]}}],"collection":[{"href":"https:\/\/radionoticiascasanare.com\/inicio\/wp-json\/wp\/v2\/posts"}],"about":[{"href":"https:\/\/radionoticiascasanare.com\/inicio\/wp-json\/wp\/v2\/types\/post"}],"author":[{"embeddable":true,"href":"https:\/\/radionoticiascasanare.com\/inicio\/wp-json\/wp\/v2\/users\/1"}],"replies":[{"embeddable":true,"href":"https:\/\/radionoticiascasanare.com\/inicio\/wp-json\/wp\/v2\/comments?post=5433"}],"version-history":[{"count":0,"href":"https:\/\/radionoticiascasanare.com\/inicio\/wp-json\/wp\/v2\/posts\/5433\/revisions"}],"wp:attachment":[{"href":"https:\/\/radionoticiascasanare.com\/inicio\/wp-json\/wp\/v2\/media?parent=5433"}],"wp:term":[{"taxonomy":"category","embeddable":true,"href":"https:\/\/radionoticiascasanare.com\/inicio\/wp-json\/wp\/v2\/categories?post=5433"},{"taxonomy":"post_tag","embeddable":true,"href":"https:\/\/radionoticiascasanare.com\/inicio\/wp-json\/wp\/v2\/tags?post=5433"}],"curies":[{"name":"wp","href":"https:\/\/api.w.org\/{rel}","templated":true}]}}