{"id":54622,"date":"2024-10-25T04:22:17","date_gmt":"2024-10-25T09:22:17","guid":{"rendered":"https:\/\/radionoticiascasanare.com\/inicio\/?p=54622"},"modified":"2024-10-25T04:22:53","modified_gmt":"2024-10-25T09:22:53","slug":"gobernador-zorro-fortaleciendo-alianzas-en-expo-agrofuturo-para-el-desarrollo-agroindustrial-de-casanare","status":"publish","type":"post","link":"https:\/\/radionoticiascasanare.com\/inicio\/gobernador-zorro-fortaleciendo-alianzas-en-expo-agrofuturo-para-el-desarrollo-agroindustrial-de-casanare\/","title":{"rendered":"Gobernador Zorro fortaleciendo alianzas en Expo Agrofuturo para el desarrollo agroindustrial de Casanare"},"content":{"rendered":"<p><img decoding=\"async\" class=\"alignleft wp-image-54623 size-medium\" src=\"https:\/\/radionoticiascasanare.com\/inicio\/wp-content\/uploads\/2024\/10\/WhatsApp-Image-2024-10-24-at-10.28.50-PM-1-e1729847587332-300x121.jpeg\" alt=\"\" width=\"300\" height=\"121\" srcset=\"https:\/\/radionoticiascasanare.com\/inicio\/wp-content\/uploads\/2024\/10\/WhatsApp-Image-2024-10-24-at-10.28.50-PM-1-e1729847587332-300x121.jpeg 300w, https:\/\/radionoticiascasanare.com\/inicio\/wp-content\/uploads\/2024\/10\/WhatsApp-Image-2024-10-24-at-10.28.50-PM-1-e1729847587332-1024x414.jpeg 1024w, https:\/\/radionoticiascasanare.com\/inicio\/wp-content\/uploads\/2024\/10\/WhatsApp-Image-2024-10-24-at-10.28.50-PM-1-e1729847587332-768x311.jpeg 768w, https:\/\/radionoticiascasanare.com\/inicio\/wp-content\/uploads\/2024\/10\/WhatsApp-Image-2024-10-24-at-10.28.50-PM-1-e1729847587332.jpeg 1280w\" sizes=\"(max-width: 300px) 100vw, 300px\" \/>En el segundo d\u00eda de la feria Expo Agrofuturo 2024, Casanare se destac\u00f3 como invitado especial, y m\u00e1s con la visita del Gobernador de Casanare, C\u00e9sar Ortiz Zorro, quien estuvo en el stand donde 20 empresarios casanare\u00f1os presentaron sus productos, servicios y proyectos enfocados en la agroindustria, en sectores como apicultura, l\u00e1cteos, cacao, turismo de naturaleza, entre otros.<\/p>\n<p>Durante su recorrido, el mandatario seccional se mostr\u00f3 complacido y orgulloso por el trabajo de los empresarios locales y destac\u00f3 la importancia de este evento catalog\u00e1ndolo como un honor participar como invitados especiales en la feria m\u00e1s importante de Latinoam\u00e9rica en innovaci\u00f3n y tecnolog\u00eda para el sector agropecuario.<\/p>\n<p>&#8220;Esta es una vitrina comercial muy relevante para nuestros empresarios, en la que hemos logrado vincular inversionistas y cooperaci\u00f3n internacional con el objetivo de convertir a Casanare en una despensa agroalimentaria para el pa\u00eds y el mundo&#8221;, indic\u00f3 Ortiz Zorro.<\/p>\n<p>Por su parte, Ricardo Jaramillo, cofundador de Expo Agrofuturo, resalt\u00f3 el potencial que tiene Casanare siendo un departamento cuenta con lo que demanda el mundo y agreg\u00f3 que &#8221; es<em>\u00a0un departamento con biodiversidad, agua y personas comprometidas con la sostenibilidad. Ya estamos viendo un agro no solo en el sector primario, sino en la transformaci\u00f3n de productos como ganader\u00eda, granos, aceites, l\u00e1cteos, cacao y caf\u00e9. Ese liderazgo est\u00e1 posicionando a Casanare como un referente en agroindustrializaci\u00f3n<\/em>&#8220;.<\/p>\n<p>Entre tanto, el Secretario de Desarrollo Econ\u00f3mico, Alexi Duarte, tambi\u00e9n acompa\u00f1\u00f3 al gobernador de Casanare en el recorrido por la feria, se\u00f1alando que e<em>l objetivo del departamento es mostrar su productividad y potencial econ\u00f3mico. Ser el ente territorial invitado refuerza nuestra capacidad productiva en los sectores agropecuario y agroindustrial, y queremos que los inversionistas sepan que Casanare es una tierra pr\u00f3spera, en pleno desarrollo y abierta a la inversi\u00f3n privada<\/em>&#8220;.<\/p>\n<p>Adem\u00e1s de resaltar la presencia de la delegaci\u00f3n casanare\u00f1a en Expo Agrofuturo, el l\u00edder departamental aprovech\u00f3 para invitar a la pr\u00f3xima Feria Exporinoquia, que se celebrar\u00e1 del 30 de enero al 1 de febrero de 2025.<\/p>\n<p>&#8220;<em>Estoy muy feliz de acompa\u00f1ar a nuestros empresarios, ya que muchos han logrado abrir nuevos mercados y formar alianzas estrat\u00e9gicas con inversionistas internacionales, incluida la embajada de Holanda, reconocida por su tecnolog\u00eda agropecuaria<\/em>&#8220;, coment\u00f3 Ortiz Zorro.<\/p>\n<p>La directora de Cultura de Casanare, Estefan\u00eda Antol\u00ednez, estuvo apoyando a los empresarios del sector tur\u00edstico, quienes aprovecharon la oportunidad para invitar a todo el pa\u00eds a no perderse la primera versi\u00f3n de Exporinoquia, bajo el lema &#8220;Agroindustria para el mundo&#8221;, donde Casanare seguir\u00e1 mostrando su capacidad como un l\u00edder en agroindustria y turismo.<\/p>\n<p>Fuente y Fotograf\u00eda Gobernaci\u00f3n de Casanare<\/p>\n<p>video Gobernador C\u00e9sar Ortiz Zorro en Expo Agrofuturo<\/p>\n<div style=\"width: 640px;\" class=\"wp-video\"><video class=\"wp-video-shortcode\" id=\"video-54622-1\" width=\"640\" height=\"362\" preload=\"metadata\" controls=\"controls\"><source type=\"video\/mp4\" src=\"https:\/\/radionoticiascasanare.com\/inicio\/wp-content\/uploads\/2024\/10\/WhatsApp-Video-2024-10-24-at-10.17.01-PM.mp4?_=1\" \/><a href=\"https:\/\/radionoticiascasanare.com\/inicio\/wp-content\/uploads\/2024\/10\/WhatsApp-Video-2024-10-24-at-10.17.01-PM.mp4\">https:\/\/radionoticiascasanare.com\/inicio\/wp-content\/uploads\/2024\/10\/WhatsApp-Video-2024-10-24-at-10.17.01-PM.mp4<\/a><\/video><\/div>\n","protected":false},"excerpt":{"rendered":"<p>En el segundo d\u00eda de la feria Expo Agrofuturo 2024, Casanare se destac\u00f3 como invitado especial, y m\u00e1s con la visita del Gobernador de Casanare, C\u00e9sar Ortiz Zorro, quien estuvo en el stand donde 20 empresarios casanare\u00f1os presentaron sus productos, servicios y proyectos enfocados en la agroindustria, en sectores como apicultura, l\u00e1cteos, cacao, turismo de [&hellip;]<\/p>\n","protected":false},"author":2,"featured_media":54623,"comment_status":"open","ping_status":"open","sticky":false,"template":"","format":"standard","meta":{"footnotes":""},"categories":[2,66,21743,8492,8493,132,21615],"tags":[21797,264,18974,1544,1832,3,23564,23563,23568,23566,10416,23567,238,23565],"class_list":["post-54622","post","type-post","status-publish","format-standard","has-post-thumbnail","hentry","category-casanare","category-destacadas","category-medio-ambiente","category-noticias-casanare","category-noticias-de-casanare","category-orinoquia","category-radio-noticias-casanare","tag-agroindustrializacion","tag-agua","tag-apicultura","tag-biodiversidad","tag-cacao","tag-casanare","tag-empresarios-casanarenos","tag-expo-futuro-2024","tag-feria-exporinoquia","tag-inversionistas-y-cooperacion-internacional","tag-lacteos","tag-personas-comprometidas-con-la-sostenibilidad","tag-radio-noticias-casanare","tag-turismo-de-naturaleza"],"_links":{"self":[{"href":"https:\/\/radionoticiascasanare.com\/inicio\/wp-json\/wp\/v2\/posts\/54622","targetHints":{"allow":["GET"]}}],"collection":[{"href":"https:\/\/radionoticiascasanare.com\/inicio\/wp-json\/wp\/v2\/posts"}],"about":[{"href":"https:\/\/radionoticiascasanare.com\/inicio\/wp-json\/wp\/v2\/types\/post"}],"author":[{"embeddable":true,"href":"https:\/\/radionoticiascasanare.com\/inicio\/wp-json\/wp\/v2\/users\/2"}],"replies":[{"embeddable":true,"href":"https:\/\/radionoticiascasanare.com\/inicio\/wp-json\/wp\/v2\/comments?post=54622"}],"version-history":[{"count":1,"href":"https:\/\/radionoticiascasanare.com\/inicio\/wp-json\/wp\/v2\/posts\/54622\/revisions"}],"predecessor-version":[{"id":54625,"href":"https:\/\/radionoticiascasanare.com\/inicio\/wp-json\/wp\/v2\/posts\/54622\/revisions\/54625"}],"wp:featuredmedia":[{"embeddable":true,"href":"https:\/\/radionoticiascasanare.com\/inicio\/wp-json\/wp\/v2\/media\/54623"}],"wp:attachment":[{"href":"https:\/\/radionoticiascasanare.com\/inicio\/wp-json\/wp\/v2\/media?parent=54622"}],"wp:term":[{"taxonomy":"category","embeddable":true,"href":"https:\/\/radionoticiascasanare.com\/inicio\/wp-json\/wp\/v2\/categories?post=54622"},{"taxonomy":"post_tag","embeddable":true,"href":"https:\/\/radionoticiascasanare.com\/inicio\/wp-json\/wp\/v2\/tags?post=54622"}],"curies":[{"name":"wp","href":"https:\/\/api.w.org\/{rel}","templated":true}]}}