{"id":54941,"date":"2024-11-14T00:22:03","date_gmt":"2024-11-14T05:22:03","guid":{"rendered":"https:\/\/radionoticiascasanare.com\/inicio\/?p=54941"},"modified":"2024-11-13T20:46:45","modified_gmt":"2024-11-14T01:46:45","slug":"gobierno-nacional-expidio-decreto-que-declara-desastre-nacional-para-hacer-frente-a-la-emergencia-invernal","status":"publish","type":"post","link":"https:\/\/radionoticiascasanare.com\/inicio\/gobierno-nacional-expidio-decreto-que-declara-desastre-nacional-para-hacer-frente-a-la-emergencia-invernal\/","title":{"rendered":"Gobierno Nacional expidi\u00f3 decreto que declara Desastre Nacional para hacer frente a la emergencia invernal"},"content":{"rendered":"<p><img fetchpriority=\"high\" decoding=\"async\" class=\"size-medium wp-image-54942 alignleft\" src=\"https:\/\/radionoticiascasanare.com\/inicio\/wp-content\/uploads\/2024\/11\/241113-Gobierno-del-Cambio-expidio-el-decreto-que-declara-la-situacion-de-Desastre-Nacional-1280-300x169.jpg\" alt=\"\" width=\"300\" height=\"169\" srcset=\"https:\/\/radionoticiascasanare.com\/inicio\/wp-content\/uploads\/2024\/11\/241113-Gobierno-del-Cambio-expidio-el-decreto-que-declara-la-situacion-de-Desastre-Nacional-1280-300x169.jpg 300w, https:\/\/radionoticiascasanare.com\/inicio\/wp-content\/uploads\/2024\/11\/241113-Gobierno-del-Cambio-expidio-el-decreto-que-declara-la-situacion-de-Desastre-Nacional-1280-1024x576.jpg 1024w, https:\/\/radionoticiascasanare.com\/inicio\/wp-content\/uploads\/2024\/11\/241113-Gobierno-del-Cambio-expidio-el-decreto-que-declara-la-situacion-de-Desastre-Nacional-1280-768x432.jpg 768w, https:\/\/radionoticiascasanare.com\/inicio\/wp-content\/uploads\/2024\/11\/241113-Gobierno-del-Cambio-expidio-el-decreto-que-declara-la-situacion-de-Desastre-Nacional-1280.jpg 1280w\" sizes=\"(max-width: 300px) 100vw, 300px\" \/><\/p>\n<p>El Gobierno Nacional, a trav\u00e9s del <a href=\"https:\/\/www.presidencia.gov.co\/Documents\/241113-Decreto-1372-13-de-noviembre-2024.pdf\" target=\"_blank\" rel=\"noopener\">Decreto 1372 del 13 noviembre 2024<\/a>, declar\u00f3 la \u201csituaci\u00f3n de Desastre Nacional&#8221; en todo el territorio colombiano por un t\u00e9rmino de 12 meses prorrogables hasta por un periodo igual, previo concepto favorable del Consejo Nacional para la Gesti\u00f3n del Riesgo.<\/p>\n<p>La norma le permite al Ejecutivo acudir a todas las herramientas legales y constitucionales para hacerle frente a la situaci\u00f3n de desastre nacional que afecta a varias regiones del pa\u00eds por cuenta de la ola invernal.<\/p>\n<p>En los considerandos del\u00a0<a href=\"https:\/\/www.presidencia.gov.co\/Documents\/241113-Decreto-1372-13-de-noviembre-2024.pdf\" target=\"_blank\" rel=\"noopener\">Decreto 1372 del 13 noviembre 2024\u200b<\/a>\u00a0se enumeran algunas de las situaciones graves que durante el a\u00f1o han afectado a miles de familias colombianas, y que motivan esta declaratoria de Desastres Nacional, entre ellas:<\/p>\n<p>&#8211; Seg\u00fan el reporte de emergencias de la Unidad Nacional de Gesti\u00f3n del Riesgo de Desastres, con corte al 11 de noviembre pasado, en lo que va del a\u00f1o Colombia han registrado 8.396 eventos clim\u00e1ticos y de desastres con impactos significativos: 952 municipios afectados, 2 millones de personas damnificadas, 244.553 familias damnificadas, 92 fallecidos y 171 heridos.<\/p>\n<p>&#8211; Adem\u00e1s, 101.639 viviendas averiadas, 1.031 viviendas destruidas y m\u00e1s de 280 mil hect\u00e1reas afectadas.<\/p>\n<p>&#8211; Se han registrado 6.222 incendios forestales que afectaron 208.874 hect\u00e1reas, 565 movimientos en eventos que impactaron a 14.204 personas y 329 hect\u00e1reas; 560 inundaciones con afectaci\u00f3n de 618.130 personas y 62.814 hect\u00e1reas; 454 vendavales que dejaron 108.344 personas afectadas; 277 desabastecimientos de agua y 115 crecientes s\u00fabitas.<\/p>\n<p>&#8211; Durante el segundo semestre de 2024 el reporte de emergencias, con corte al 12 de noviembre pasado, se\u00f1ala:<\/p>\n<p>&#8211; 1.666 eventos clim\u00e1ticos, entre incendios forestales (60%), vendavales (14%), deslizamientos (11,2%) e inundaciones (10,4%), afectando a los 32 departamentos, el Distrito Capital y 546 municipios.<\/p>\n<p>&#8211; Estos eventos han ocasionado la muerte de 24 personas, 67.252 familias damnificadas, 407 viviendas destruidas, 33.768 viviendas averiadas, afectaciones a 24 acueductos, 17 alcantarillados, 6 centros de salud, 107 centros educativos, 46 centros comunitarios y m\u00e1s de 66 mil hect\u00e1reas de cultivos.<\/p>\n<p>&#8211; Entre el 10 y 12 de septiembre \u00faltimos se registr\u00f3 el 40% de los eventos ocurridos durante el segundo semestre del a\u00f1o, as\u00ed: 662 eventos clim\u00e1ticos: incendio forestal (61,9%), vendaval (16,5%), inundaci\u00f3n (10%) y deslizamiento (5,9%).<\/p>\n<p>&#8211; Adem\u00e1s de fen\u00f3menos como creciente s\u00fabita, granizada, tormenta el\u00e9ctrica, avenida torrencial y erosi\u00f3n, que afectaron los departamentos de Cundinamarca, Huila, Cauca, Valle del Cauca, Tolima, Nari\u00f1o, La Guajira, Norte de Santander y Choc\u00f3. Estos eventos ocasionaron la muerte de 5 personas, 37 heridos, 2 desaparecidos, 88.268 personas afectadas, 180 viviendas destruidas, 11.503 viviendas averiadas, 61 v\u00edas afectadas, 6 acueductos, 8 alcantarillados y 58 centros educativos afectados, entre otras.<\/p>\n<p>Por estas y otras razones que recoge la norma en su exposici\u00f3n de motivos, el Gobierno del Cambio declar\u00f3 la situaci\u00f3n de Desastre Nacional, pues durante 2024 se han emitido 357 declaratorias de calamidad p\u00fablica (22 de nivel departamental y 335 \u200bmunicipales), de ellas 165 por temporada seca y 138 en temporada invernal.<\/p>\n<p>&#8211; Solo en Choc\u00f3, las lluvias de los d\u00edas 9, 10 y 11 de noviembre de 2024 inundaron 25 municipios, afectaron a 37.577 familias y 187.885 personas, 4.337 viviendas, 18 colegios y 1.487 hect\u00e1reas.<\/p>\n<p>Para atender esta crisis nacional, el presidente Gustavo Petro anunci\u00f3 este mi\u00e9rcoles\u00a0<strong><em>recursos iniciales por $1,7 billones<\/em><\/strong><strong><em>.<\/em><\/strong><\/p>\n<p>El mandatario, adem\u00e1s, lider\u00f3 un Puesto de Mando Unificado en la ciudad de Quibd\u00f3, y recorri\u00f3 las zonas m\u00e1s afectadas por la emergencia invernal.<\/p>\n<p>Fuente y Fotograf\u00eda Presidencia de la Rep\u00fablica<\/p>\n<p>&nbsp;<\/p>\n","protected":false},"excerpt":{"rendered":"<p>El Gobierno Nacional, a trav\u00e9s del Decreto 1372 del 13 noviembre 2024, declar\u00f3 la \u201csituaci\u00f3n de Desastre Nacional&#8221; en todo el territorio colombiano por un t\u00e9rmino de 12 meses prorrogables hasta por un periodo igual, previo concepto favorable del Consejo Nacional para la Gesti\u00f3n del Riesgo. La norma le permite al Ejecutivo acudir a todas [&hellip;]<\/p>\n","protected":false},"author":2,"featured_media":54942,"comment_status":"open","ping_status":"open","sticky":false,"template":"","format":"standard","meta":{"footnotes":""},"categories":[66,168,51,5476],"tags":[3,1272,90,23854,731,23855,1078,23856,5475,1159,445,1277,4273,2265,1161,439,238,23853,3044,3854],"class_list":["post-54941","post","type-post","status-publish","format-standard","has-post-thumbnail","hentry","category-destacadas","category-generales","category-nacional","category-politica","tag-casanare","tag-cauca","tag-choco","tag-consejo-nacional-para-la-gestion-del-riesgo","tag-cundinamarca","tag-decreto-1372-del-13-noviembre-2024","tag-deslizamientos","tag-eventos-climaticos","tag-gustavo-petro","tag-huila","tag-incendios-forestales","tag-inundaciones","tag-la-guajira","tag-nacional","tag-narino","tag-norte-de-santander","tag-radio-noticias-casanare","tag-situacion-de-desastre-nacional","tag-tolima","tag-valle-del-cauca"],"_links":{"self":[{"href":"https:\/\/radionoticiascasanare.com\/inicio\/wp-json\/wp\/v2\/posts\/54941","targetHints":{"allow":["GET"]}}],"collection":[{"href":"https:\/\/radionoticiascasanare.com\/inicio\/wp-json\/wp\/v2\/posts"}],"about":[{"href":"https:\/\/radionoticiascasanare.com\/inicio\/wp-json\/wp\/v2\/types\/post"}],"author":[{"embeddable":true,"href":"https:\/\/radionoticiascasanare.com\/inicio\/wp-json\/wp\/v2\/users\/2"}],"replies":[{"embeddable":true,"href":"https:\/\/radionoticiascasanare.com\/inicio\/wp-json\/wp\/v2\/comments?post=54941"}],"version-history":[{"count":2,"href":"https:\/\/radionoticiascasanare.com\/inicio\/wp-json\/wp\/v2\/posts\/54941\/revisions"}],"predecessor-version":[{"id":54944,"href":"https:\/\/radionoticiascasanare.com\/inicio\/wp-json\/wp\/v2\/posts\/54941\/revisions\/54944"}],"wp:featuredmedia":[{"embeddable":true,"href":"https:\/\/radionoticiascasanare.com\/inicio\/wp-json\/wp\/v2\/media\/54942"}],"wp:attachment":[{"href":"https:\/\/radionoticiascasanare.com\/inicio\/wp-json\/wp\/v2\/media?parent=54941"}],"wp:term":[{"taxonomy":"category","embeddable":true,"href":"https:\/\/radionoticiascasanare.com\/inicio\/wp-json\/wp\/v2\/categories?post=54941"},{"taxonomy":"post_tag","embeddable":true,"href":"https:\/\/radionoticiascasanare.com\/inicio\/wp-json\/wp\/v2\/tags?post=54941"}],"curies":[{"name":"wp","href":"https:\/\/api.w.org\/{rel}","templated":true}]}}