{"id":55315,"date":"2024-12-02T00:04:46","date_gmt":"2024-12-02T05:04:46","guid":{"rendered":"https:\/\/radionoticiascasanare.com\/inicio\/?p=55315"},"modified":"2024-12-01T22:33:48","modified_gmt":"2024-12-02T03:33:48","slug":"nuevas-sedes-del-centro-social-y-centro-administrativo-de-yopal-seran-una-realidad","status":"publish","type":"post","link":"https:\/\/radionoticiascasanare.com\/inicio\/nuevas-sedes-del-centro-social-y-centro-administrativo-de-yopal-seran-una-realidad\/","title":{"rendered":"Nuevas sedes del Centro Social y Centro Administrativo de Yopal ser\u00e1n una realidad"},"content":{"rendered":"<p><img decoding=\"async\" class=\"wp-image-55316 size-medium alignleft\" src=\"https:\/\/radionoticiascasanare.com\/inicio\/wp-content\/uploads\/2024\/12\/nuevas-sedes-del-centro-social-y-centro-administrativo-e1733110199380-300x143.jpeg\" alt=\"\" width=\"300\" height=\"143\" srcset=\"https:\/\/radionoticiascasanare.com\/inicio\/wp-content\/uploads\/2024\/12\/nuevas-sedes-del-centro-social-y-centro-administrativo-e1733110199380-300x143.jpeg 300w, https:\/\/radionoticiascasanare.com\/inicio\/wp-content\/uploads\/2024\/12\/nuevas-sedes-del-centro-social-y-centro-administrativo-e1733110199380-768x367.jpeg 768w, https:\/\/radionoticiascasanare.com\/inicio\/wp-content\/uploads\/2024\/12\/nuevas-sedes-del-centro-social-y-centro-administrativo-e1733110199380.jpeg 813w\" sizes=\"(max-width: 300px) 100vw, 300px\" \/>Luego de un amplio debate en plenaria, que se desarroll\u00f3 por m\u00e1s de seis horas, el Concejo Municipal aprob\u00f3 con 14 votos positivos, el Proyecto de Acuerdo 036 de 2024, que autoriza al alcalde de Yopal para celebrar operaciones de cr\u00e9dito p\u00fablico, por la suma de $107.725.858.800 millones.<\/p>\n<p>Con el apoyo del concejal ponente, Mauricio Rozo Celis y Andr\u00e9s Dainover Rodr\u00edguez Mari\u00f1o como coponente, avanz\u00f3 la discusi\u00f3n de este importante proyecto para Yopal, que busca garantizar la construcci\u00f3n de la nueva sede el colegio Centro Social y el Centro Administrativo para la Alcald\u00eda de Yopal, donde los dem\u00e1s corporados y la comunidad tambi\u00e9n intervinieron para hacer sus aportes y ratificar la necesidad de las obras que se contemplan con estos recursos y el beneficio que esto representa para los ciudadanos de Yopal.<\/p>\n<p>Durante su intervenci\u00f3n, Mauricio Moreno, secretario de Hacienda, sustent\u00f3 el avance en los ingresos corrientes de libre destinaci\u00f3n del municipio, que garantizar\u00e1n el cumplimiento del cr\u00e9dito p\u00fablico que se est\u00e1 solicitando, explicando que \u201ccon el recaudo del Impuesto de Industria y Comercio, ICA, Impuesto Predial Unificado y la Sobretasa a la Gasolina, demostramos la estabilidad y capacidad de crecimiento de la Administraci\u00f3n, con lo cual aseguramos el cumplimiento de la deuda\u201d.<\/p>\n<p>Por su parte, Erika Romina Jaime, l\u00edder del Sindicato de Trabajadores P\u00fablicos de Yopal, Sindepy, recalc\u00f3 ante la plenaria del Concejo las falencias que han tenido que sobrellevar los funcionarios p\u00fablicos en el actual Palacio Municipal, vulnerando sus derechos y torpedeando la prestaci\u00f3n del servicio a la comunidad. \u201cNecesitamos dignidad en las condiciones de nuestro trabajo, ya que hemos demostrado con estudios t\u00e9cnicos que esta sede est\u00e1 sobrecarga de puestos de trabajo y con m\u00faltiples deficiencias de infraestructura y control de plagas\u201d asever\u00f3.<\/p>\n<p>Es importante mencionar que, este cr\u00e9dito p\u00fablico est\u00e1 proyectado a siete a\u00f1os y hace parte de las metas del Plan de Desarrollo 2024-2027 del gobierno local liderado por el alcalde Marco Tulio Ru\u00edz, con los cuales se generar\u00e1 un gran impacto en el desarrollo social y econ\u00f3mico de la capital.<\/p>\n<p>Con esta aprobaci\u00f3n, se espera avanzar con el proceso administrativo pertinente para lograr el inicio de las obras de estos dos megaproyectos que impactar\u00e1n positivamente a la ciudadan\u00eda de todas las comunas de Yopal.<\/p>\n<p>Fuente y Fotograf\u00eda Alcald\u00eda de Yopal<\/p>\n","protected":false},"excerpt":{"rendered":"<p>Luego de un amplio debate en plenaria, que se desarroll\u00f3 por m\u00e1s de seis horas, el Concejo Municipal aprob\u00f3 con 14 votos positivos, el Proyecto de Acuerdo 036 de 2024, que autoriza al alcalde de Yopal para celebrar operaciones de cr\u00e9dito p\u00fablico, por la suma de $107.725.858.800 millones. Con el apoyo del concejal ponente, Mauricio [&hellip;]<\/p>\n","protected":false},"author":2,"featured_media":55316,"comment_status":"closed","ping_status":"closed","sticky":false,"template":"","format":"standard","meta":{"footnotes":""},"categories":[2,66,8492,8493,21615,22976],"tags":[111,3,24162,24161,24160,24159,24158,24157,238,693,16],"class_list":["post-55315","post","type-post","status-publish","format-standard","has-post-thumbnail","hentry","category-casanare","category-destacadas","category-noticias-casanare","category-noticias-de-casanare","category-radio-noticias-casanare","category-yopal","tag-alcalde-de-yopal","tag-casanare","tag-centro-administrativo-para-la-alcaldia-de-yopal","tag-colegio-centro-social","tag-dainover-rodriguez-marino-coponente","tag-mauricio-rozo-celis","tag-oncejal-ponente","tag-operaciones-de-credito-publico","tag-radio-noticias-casanare","tag-secretario-de-hacienda","tag-yopal"],"_links":{"self":[{"href":"https:\/\/radionoticiascasanare.com\/inicio\/wp-json\/wp\/v2\/posts\/55315","targetHints":{"allow":["GET"]}}],"collection":[{"href":"https:\/\/radionoticiascasanare.com\/inicio\/wp-json\/wp\/v2\/posts"}],"about":[{"href":"https:\/\/radionoticiascasanare.com\/inicio\/wp-json\/wp\/v2\/types\/post"}],"author":[{"embeddable":true,"href":"https:\/\/radionoticiascasanare.com\/inicio\/wp-json\/wp\/v2\/users\/2"}],"replies":[{"embeddable":true,"href":"https:\/\/radionoticiascasanare.com\/inicio\/wp-json\/wp\/v2\/comments?post=55315"}],"version-history":[{"count":1,"href":"https:\/\/radionoticiascasanare.com\/inicio\/wp-json\/wp\/v2\/posts\/55315\/revisions"}],"predecessor-version":[{"id":55317,"href":"https:\/\/radionoticiascasanare.com\/inicio\/wp-json\/wp\/v2\/posts\/55315\/revisions\/55317"}],"wp:featuredmedia":[{"embeddable":true,"href":"https:\/\/radionoticiascasanare.com\/inicio\/wp-json\/wp\/v2\/media\/55316"}],"wp:attachment":[{"href":"https:\/\/radionoticiascasanare.com\/inicio\/wp-json\/wp\/v2\/media?parent=55315"}],"wp:term":[{"taxonomy":"category","embeddable":true,"href":"https:\/\/radionoticiascasanare.com\/inicio\/wp-json\/wp\/v2\/categories?post=55315"},{"taxonomy":"post_tag","embeddable":true,"href":"https:\/\/radionoticiascasanare.com\/inicio\/wp-json\/wp\/v2\/tags?post=55315"}],"curies":[{"name":"wp","href":"https:\/\/api.w.org\/{rel}","templated":true}]}}