{"id":55352,"date":"2024-12-04T00:01:30","date_gmt":"2024-12-04T05:01:30","guid":{"rendered":"https:\/\/radionoticiascasanare.com\/inicio\/?p=55352"},"modified":"2024-12-03T22:56:59","modified_gmt":"2024-12-04T03:56:59","slug":"yopal-fue-el-escenario-del-segundo-taller-de-los-conversatorios-regionales-creo-pgar-2025-2036","status":"publish","type":"post","link":"https:\/\/radionoticiascasanare.com\/inicio\/yopal-fue-el-escenario-del-segundo-taller-de-los-conversatorios-regionales-creo-pgar-2025-2036\/","title":{"rendered":"Yopal fue el escenario del segundo taller de los Conversatorios Regionales CREO &#8211; PGAR 2025-2036"},"content":{"rendered":"<div id=\":1pv\" class=\"ii gt\">\n<div id=\":1pu\" class=\"a3s aiL \">\n<div dir=\"ltr\">\n<div><img decoding=\"async\" class=\"size-medium wp-image-55353 alignleft\" src=\"https:\/\/radionoticiascasanare.com\/inicio\/wp-content\/uploads\/2024\/12\/WhatsApp-Image-2024-12-03-at-10.53.33-PM-300x132.jpeg\" alt=\"\" width=\"300\" height=\"132\" srcset=\"https:\/\/radionoticiascasanare.com\/inicio\/wp-content\/uploads\/2024\/12\/WhatsApp-Image-2024-12-03-at-10.53.33-PM-300x132.jpeg 300w, https:\/\/radionoticiascasanare.com\/inicio\/wp-content\/uploads\/2024\/12\/WhatsApp-Image-2024-12-03-at-10.53.33-PM-768x337.jpeg 768w, https:\/\/radionoticiascasanare.com\/inicio\/wp-content\/uploads\/2024\/12\/WhatsApp-Image-2024-12-03-at-10.53.33-PM.jpeg 825w\" sizes=\"(max-width: 300px) 100vw, 300px\" \/>En la capital de Casanare se llev\u00f3 a cabo el segundo taller de los Conversatorios Regionales para Escuchar la Orinoqu\u00eda (CREO), en el marco de la formulaci\u00f3n del Plan de Gesti\u00f3n Ambiental Regional (PGAR) 2025-2036. Esta iniciativa tiene como objetivo recoger las perspectivas y propuestas de los actores clave de la regi\u00f3n, con el fin de construir de manera participativa el PGAR para el periodo 2025-2036.<\/div>\n<div>\nEl encuentro reuni\u00f3 a representantes de entidades territoriales, gremios y la sociedad civil, quienes participaron en mesas de trabajo enfocadas en los principales desaf\u00edos ambientales de la Orinoqu\u00eda. A trav\u00e9s de preguntas orientadoras, los asistentes compartieron sus puntos de vista sobre el diagn\u00f3stico ambiental actual, identificaron l\u00edneas estrat\u00e9gicas de acci\u00f3n y construyeron una visi\u00f3n compartida para la regi\u00f3n hacia el a\u00f1o 2036.<\/p>\n<p>Este taller propici\u00f3 un di\u00e1logo enriquecedor en el que se identificaron tanto las necesidades como las oportunidades del territorio. Se promovi\u00f3, adem\u00e1s, la corresponsabilidad y el compromiso de todos los sectores en torno a la sostenibilidad ambiental.<\/p>\n<p>La informaci\u00f3n recabada en este proceso ser\u00e1 fundamental para la formulaci\u00f3n de un PGAR que refleje las prioridades y aspiraciones de la poblaci\u00f3n, garantizando un desarrollo equilibrado y respetuoso con los recursos naturales.<\/p>\n<p>Los Conversatorios Regionales CREO siguen consolid\u00e1ndose como un espacio clave para la participaci\u00f3n ciudadana y la planificaci\u00f3n ambiental, trazando el camino hacia un futuro m\u00e1s sostenible para la Orinoqu\u00eda.<\/p><\/div>\n<\/div>\n<\/div>\n<\/div>\n<div><\/div>\n<div>Fuente y Fotograf\u00eda Corporinoquia<\/div>\n<div id=\":1pv\" class=\"ii gt\">\n<div id=\":1pu\" class=\"a3s aiL \">\n<div class=\"yj6qo\"><\/div>\n<div class=\"adL\"><\/div>\n<\/div>\n<\/div>\n<div id=\":1pd\" class=\"hq gt\"><\/div>\n","protected":false},"excerpt":{"rendered":"<p>En la capital de Casanare se llev\u00f3 a cabo el segundo taller de los Conversatorios Regionales para Escuchar la Orinoqu\u00eda (CREO), en el marco de la formulaci\u00f3n del Plan de Gesti\u00f3n Ambiental Regional (PGAR) 2025-2036. Esta iniciativa tiene como objetivo recoger las perspectivas y propuestas de los actores clave de la regi\u00f3n, con el fin [&hellip;]<\/p>\n","protected":false},"author":2,"featured_media":55353,"comment_status":"closed","ping_status":"closed","sticky":false,"template":"","format":"standard","meta":{"footnotes":""},"categories":[2,66,21743,8492,8493,132],"tags":[3,24191,43,24195,24192,483,24194,1026,238,24193],"class_list":["post-55352","post","type-post","status-publish","format-standard","has-post-thumbnail","hentry","category-casanare","category-destacadas","category-medio-ambiente","category-noticias-casanare","category-noticias-de-casanare","category-orinoquia","tag-casanare","tag-conversatorios-regionales-para-escuchar-la-orinoquia","tag-corporinoquia","tag-diagnostico-ambiental-actual","tag-formulacion-del-plan-de-gestion-ambiental-regional","tag-gremios","tag-la-sociedad-civil","tag-medio-ambiente","tag-radio-noticias-casanare","tag-representantes-de-entidades-territoriales"],"_links":{"self":[{"href":"https:\/\/radionoticiascasanare.com\/inicio\/wp-json\/wp\/v2\/posts\/55352","targetHints":{"allow":["GET"]}}],"collection":[{"href":"https:\/\/radionoticiascasanare.com\/inicio\/wp-json\/wp\/v2\/posts"}],"about":[{"href":"https:\/\/radionoticiascasanare.com\/inicio\/wp-json\/wp\/v2\/types\/post"}],"author":[{"embeddable":true,"href":"https:\/\/radionoticiascasanare.com\/inicio\/wp-json\/wp\/v2\/users\/2"}],"replies":[{"embeddable":true,"href":"https:\/\/radionoticiascasanare.com\/inicio\/wp-json\/wp\/v2\/comments?post=55352"}],"version-history":[{"count":1,"href":"https:\/\/radionoticiascasanare.com\/inicio\/wp-json\/wp\/v2\/posts\/55352\/revisions"}],"predecessor-version":[{"id":55354,"href":"https:\/\/radionoticiascasanare.com\/inicio\/wp-json\/wp\/v2\/posts\/55352\/revisions\/55354"}],"wp:featuredmedia":[{"embeddable":true,"href":"https:\/\/radionoticiascasanare.com\/inicio\/wp-json\/wp\/v2\/media\/55353"}],"wp:attachment":[{"href":"https:\/\/radionoticiascasanare.com\/inicio\/wp-json\/wp\/v2\/media?parent=55352"}],"wp:term":[{"taxonomy":"category","embeddable":true,"href":"https:\/\/radionoticiascasanare.com\/inicio\/wp-json\/wp\/v2\/categories?post=55352"},{"taxonomy":"post_tag","embeddable":true,"href":"https:\/\/radionoticiascasanare.com\/inicio\/wp-json\/wp\/v2\/tags?post=55352"}],"curies":[{"name":"wp","href":"https:\/\/api.w.org\/{rel}","templated":true}]}}