{"id":55444,"date":"2024-12-09T00:08:27","date_gmt":"2024-12-09T05:08:27","guid":{"rendered":"https:\/\/radionoticiascasanare.com\/inicio\/?p=55444"},"modified":"2024-12-08T23:45:45","modified_gmt":"2024-12-09T04:45:45","slug":"la-agroindustrializacion-del-campo-eje-central-del-primer-ano-del-gobierno-de-cesar-ortizzorro","status":"publish","type":"post","link":"https:\/\/radionoticiascasanare.com\/inicio\/la-agroindustrializacion-del-campo-eje-central-del-primer-ano-del-gobierno-de-cesar-ortizzorro\/","title":{"rendered":"La agroindustrializaci\u00f3n del campo: eje central del primer a\u00f1o del Gobierno de C\u00e9sar OrtizZorro"},"content":{"rendered":"<div><img fetchpriority=\"high\" decoding=\"async\" class=\"alignleft wp-image-55445 size-medium\" src=\"https:\/\/radionoticiascasanare.com\/inicio\/wp-content\/uploads\/2024\/12\/Alexi-Duarte-secretario-de-Agricultura-de-Casanare-scaled-e1733719295253-300x197.jpg\" alt=\"\" width=\"300\" height=\"197\" srcset=\"https:\/\/radionoticiascasanare.com\/inicio\/wp-content\/uploads\/2024\/12\/Alexi-Duarte-secretario-de-Agricultura-de-Casanare-scaled-e1733719295253-300x197.jpg 300w, https:\/\/radionoticiascasanare.com\/inicio\/wp-content\/uploads\/2024\/12\/Alexi-Duarte-secretario-de-Agricultura-de-Casanare-scaled-e1733719295253-1024x674.jpg 1024w, https:\/\/radionoticiascasanare.com\/inicio\/wp-content\/uploads\/2024\/12\/Alexi-Duarte-secretario-de-Agricultura-de-Casanare-scaled-e1733719295253-768x505.jpg 768w, https:\/\/radionoticiascasanare.com\/inicio\/wp-content\/uploads\/2024\/12\/Alexi-Duarte-secretario-de-Agricultura-de-Casanare-scaled-e1733719295253-1536x1011.jpg 1536w, https:\/\/radionoticiascasanare.com\/inicio\/wp-content\/uploads\/2024\/12\/Alexi-Duarte-secretario-de-Agricultura-de-Casanare-scaled-e1733719295253.jpg 1570w\" sizes=\"(max-width: 300px) 100vw, 300px\" \/>En la audiencia de rendici\u00f3n de cuentas de 2024, el sector de desarrollo econ\u00f3mico, agricultura, ganader\u00eda y medio ambiente demostr\u00f3 que apostarle al campo es la decisi\u00f3n correcta para generar oportunidades y fortalecer la econom\u00eda de Casanare.<\/div>\n<div><\/div>\n<div>El gobernador C\u00e9sar Ortiz Zorro destac\u00f3 que el pilar m\u00e1s importante de su gobierno es el campo y su transformaci\u00f3n a trav\u00e9s de la agroindustrializaci\u00f3n. Este enfoque busca consolidar proyectos que impulsen el desarrollo regional y potencien la econom\u00eda del departamento.<\/div>\n<div><\/div>\n<div>Entre los logros m\u00e1s significativos se encuentra la puesta en marcha de varias plantas agroindustriales, con una inversi\u00f3n superior a 11.400 millones de pesos. Estas plantas se dedican al secamiento y almacenamiento de arroz, producci\u00f3n de l\u00e1cteos, tostado de caf\u00e9 y biotecnolog\u00eda reproductiva bovina. Adem\u00e1s, el proyecto de una planta de urea fue presentado al Gobierno nacional y cuenta con el respaldo de los 32 gobernadores del pa\u00eds.<\/div>\n<div><\/div>\n<div>La creaci\u00f3n de alianzas estrat\u00e9gicas ha sido clave en este proceso. Un ejemplo destacado es la colaboraci\u00f3n con la multinacional Nutresa, interesada en el potencial de Casanare para la producci\u00f3n de cacao, caf\u00e9 y c\u00e1rnicos.<\/div>\n<div><\/div>\n<div>En el \u00e1mbito de comercializaci\u00f3n, Casanare marc\u00f3 presencia en eventos de alto impacto como ChocoShow, la feria m\u00e1s importante de cacao en el pa\u00eds, con ventas superiores a 40 millones de pesos. Asimismo, 20 empresas casanare\u00f1as participaron en la feria internacional ExpoAgroFuturo 2024, generando negocios por m\u00e1s de 230 millones de pesos. A trav\u00e9s de ruedas de negocios y ferias, se beneficiaron m\u00e1s de 700 emprendedores, alcanzando ventas que superaron los 2.000 millones de pesos.<\/div>\n<div><\/div>\n<div>El apoyo a los microempresarios tambi\u00e9n fue notable, con la entrega de equipos de panader\u00eda y pasteler\u00eda a 150 peque\u00f1os empresarios de los 19 municipios, fortaleciendo su capacidad productiva.<\/div>\n<div><\/div>\n<div>En infraestructura y sostenibilidad, se inaugur\u00f3 el Centro de Extensi\u00f3n para el Cacao y la Biodiversidad en la Granja El Pic\u00f3n, en Yopal, beneficiando a m\u00e1s de 700 familias cacaocultoras. Adem\u00e1s, se avanz\u00f3 en la construcci\u00f3n del laboratorio de suelos y gen\u00e9tica &#8220;La Corocora&#8221; en Aguazul, un espacio dedicado a la investigaci\u00f3n y fortalecimiento del gremio arrocero.<\/div>\n<div><\/div>\n<div>La estrategia \u201cReverdece Casanare\u201d tambi\u00e9n dej\u00f3 resultados significativos, con la plantaci\u00f3n de m\u00e1s de 160 mil \u00e1rboles nativos en todo el departamento, en colaboraci\u00f3n con instituciones y empresas privadas, reafirmando el compromiso del Gobierno con la sostenibilidad.<\/div>\n<div><\/div>\n<div>Casanare transita por la senda de la agroindustrializaci\u00f3n, generando oportunidades, fortaleciendo su campo y construyendo un futuro sostenible para las pr\u00f3ximas generaciones.<\/div>\n<div><\/div>\n<div>Fuente y Fotograf\u00eda Gobernaci\u00f3n de Casanare<\/div>\n","protected":false},"excerpt":{"rendered":"<p>En la audiencia de rendici\u00f3n de cuentas de 2024, el sector de desarrollo econ\u00f3mico, agricultura, ganader\u00eda y medio ambiente demostr\u00f3 que apostarle al campo es la decisi\u00f3n correcta para generar oportunidades y fortalecer la econom\u00eda de Casanare. El gobernador C\u00e9sar Ortiz Zorro destac\u00f3 que el pilar m\u00e1s importante de su gobierno es el campo y [&hellip;]<\/p>\n","protected":false},"author":2,"featured_media":55445,"comment_status":"closed","ping_status":"closed","sticky":false,"template":"","format":"standard","meta":{"footnotes":""},"categories":[2,21743,8492,8493,21615,22686],"tags":[3985,24265,12351,1838,9687,24264,24263,24262,24266,10636,238,747],"class_list":["post-55444","post","type-post","status-publish","format-standard","has-post-thumbnail","hentry","category-casanare","category-medio-ambiente","category-noticias-casanare","category-noticias-de-casanare","category-radio-noticias-casanare","category-sector-productivo","tag-audiencia-publica","tag-centro-de-extension-para-el-cacao-y-la-biodiversidad-en-la-granja-el-picon","tag-chocoshow","tag-emprendedores","tag-en-yopal","tag-entrega-de-equipos-de-panaderia-y-pasteleria","tag-feria-internacional-expoagrofuturo-2024","tag-la-feria-mas-importante-de-cacao-en-el-pais","tag-laboratorio-de-suelos-y-genetica-la-corocora","tag-microempresarios","tag-radio-noticias-casanare","tag-rendicion-de-cuentas"],"_links":{"self":[{"href":"https:\/\/radionoticiascasanare.com\/inicio\/wp-json\/wp\/v2\/posts\/55444","targetHints":{"allow":["GET"]}}],"collection":[{"href":"https:\/\/radionoticiascasanare.com\/inicio\/wp-json\/wp\/v2\/posts"}],"about":[{"href":"https:\/\/radionoticiascasanare.com\/inicio\/wp-json\/wp\/v2\/types\/post"}],"author":[{"embeddable":true,"href":"https:\/\/radionoticiascasanare.com\/inicio\/wp-json\/wp\/v2\/users\/2"}],"replies":[{"embeddable":true,"href":"https:\/\/radionoticiascasanare.com\/inicio\/wp-json\/wp\/v2\/comments?post=55444"}],"version-history":[{"count":1,"href":"https:\/\/radionoticiascasanare.com\/inicio\/wp-json\/wp\/v2\/posts\/55444\/revisions"}],"predecessor-version":[{"id":55446,"href":"https:\/\/radionoticiascasanare.com\/inicio\/wp-json\/wp\/v2\/posts\/55444\/revisions\/55446"}],"wp:featuredmedia":[{"embeddable":true,"href":"https:\/\/radionoticiascasanare.com\/inicio\/wp-json\/wp\/v2\/media\/55445"}],"wp:attachment":[{"href":"https:\/\/radionoticiascasanare.com\/inicio\/wp-json\/wp\/v2\/media?parent=55444"}],"wp:term":[{"taxonomy":"category","embeddable":true,"href":"https:\/\/radionoticiascasanare.com\/inicio\/wp-json\/wp\/v2\/categories?post=55444"},{"taxonomy":"post_tag","embeddable":true,"href":"https:\/\/radionoticiascasanare.com\/inicio\/wp-json\/wp\/v2\/tags?post=55444"}],"curies":[{"name":"wp","href":"https:\/\/api.w.org\/{rel}","templated":true}]}}