{"id":55676,"date":"2024-12-24T00:01:37","date_gmt":"2024-12-24T05:01:37","guid":{"rendered":"https:\/\/radionoticiascasanare.com\/inicio\/?p=55676"},"modified":"2024-12-23T18:57:25","modified_gmt":"2024-12-23T23:57:25","slug":"el-mejor-regalo-de-navidad-59-familias-recibieron-las-llaves-del-proyecto-villa-valeria-por-parte-de-la-alcaldia-de-aguazul","status":"publish","type":"post","link":"https:\/\/radionoticiascasanare.com\/inicio\/el-mejor-regalo-de-navidad-59-familias-recibieron-las-llaves-del-proyecto-villa-valeria-por-parte-de-la-alcaldia-de-aguazul\/","title":{"rendered":"\u00a1El Mejor Regalo de Navidad! 59 familias recibieron las llaves del proyecto Villa Valeria por parte de la Alcald\u00eda de Aguazul"},"content":{"rendered":"<p><img decoding=\"async\" class=\"alignleft wp-image-55677 size-medium\" src=\"https:\/\/radionoticiascasanare.com\/inicio\/wp-content\/uploads\/2024\/12\/WhatsApp-Image-2024-12-23-at-10.39.14-AM-e1734998085583-300x159.jpeg\" alt=\"\" width=\"300\" height=\"159\" srcset=\"https:\/\/radionoticiascasanare.com\/inicio\/wp-content\/uploads\/2024\/12\/WhatsApp-Image-2024-12-23-at-10.39.14-AM-e1734998085583-300x159.jpeg 300w, https:\/\/radionoticiascasanare.com\/inicio\/wp-content\/uploads\/2024\/12\/WhatsApp-Image-2024-12-23-at-10.39.14-AM-e1734998085583-1024x544.jpeg 1024w, https:\/\/radionoticiascasanare.com\/inicio\/wp-content\/uploads\/2024\/12\/WhatsApp-Image-2024-12-23-at-10.39.14-AM-e1734998085583-768x408.jpeg 768w, https:\/\/radionoticiascasanare.com\/inicio\/wp-content\/uploads\/2024\/12\/WhatsApp-Image-2024-12-23-at-10.39.14-AM-e1734998085583-1536x816.jpeg 1536w, https:\/\/radionoticiascasanare.com\/inicio\/wp-content\/uploads\/2024\/12\/WhatsApp-Image-2024-12-23-at-10.39.14-AM-e1734998085583.jpeg 1600w\" sizes=\"(max-width: 300px) 100vw, 300px\" \/>La gerente del Instituto de Vivienda Municipal de Aguazul, Johana Pe\u00f1a junto con la Gestora Social, Zulma Sandoval y el presidente del Concejo, Fabi\u00e1n Arguello entregaron las llaves de las soluciones habitacionales unifamiliares del proyecto de la urbanizaci\u00f3n Villa Valeria a 59 familias, proyecto, que cont\u00f3 con una inversi\u00f3n total de $8.236 millones.<\/p>\n<p>Esta obra, iniciada en la administraci\u00f3n anterior fue retomada con el compromiso del Alcalde Nelson Camacho, quien destin\u00f3 recursos adicionales para la adecuaci\u00f3n de las zonas verdes, el cerramiento perimetral y otros temas para dejar en \u00f3ptimas condiciones este complejo habitacional.<\/p>\n<p>Los beneficiarios recibieron sus escrituras, que los acreditan como due\u00f1os de las viviendas, sin incurrir en gastos de escrituraci\u00f3n gracias a la gesti\u00f3n del Instituto de Vivienda que consolido hace un buen tiempo una alianza con la Superintendencia de Notariado y Registro, brindando as\u00ed un apoyo significativo a estas familias de bajos recursos.<\/p>\n<p>Las familias que recibieron su inmueble destacaron la rapidez de esta administraci\u00f3n para entregar el proyecto, que, aunque proven\u00eda del gobierno anterior, destin\u00f3 recursos adicionales para entregar en las mejores condiciones dicho programa de vivienda, este proyecto no solo busca proporcionar viviendas dignas a las familias sino tambi\u00e9n mejorar la infraestructura y el entorno urbano de la comunidad.<\/p>\n<p>Fuente y Fotograf\u00eda Alcald\u00eda de Aguazul e Ivima<\/p>\n","protected":false},"excerpt":{"rendered":"<p>La gerente del Instituto de Vivienda Municipal de Aguazul, Johana Pe\u00f1a junto con la Gestora Social, Zulma Sandoval y el presidente del Concejo, Fabi\u00e1n Arguello entregaron las llaves de las soluciones habitacionales unifamiliares del proyecto de la urbanizaci\u00f3n Villa Valeria a 59 familias, proyecto, que cont\u00f3 con una inversi\u00f3n total de $8.236 millones. Esta obra, [&hellip;]<\/p>\n","protected":false},"author":2,"featured_media":55677,"comment_status":"closed","ping_status":"closed","sticky":false,"template":"","format":"standard","meta":{"footnotes":""},"categories":[23168,2,66,8492,8493,21615],"tags":[239,21573,3,24514,24513,24510,24507,4,22065,24508,11830,24511,238,24512,24515,24516,236,24509],"class_list":["post-55676","post","type-post","status-publish","format-standard","has-post-thumbnail","hentry","category-aguazul","category-casanare","category-destacadas","category-noticias-casanare","category-noticias-de-casanare","category-radio-noticias-casanare","tag-aguazul","tag-alcalde-nelson-camacho","tag-casanare","tag-cerramiento-perimetral","tag-decuacion-de-las-zonas-verdes","tag-fabian-arguello","tag-familias-de-bajos-recursos","tag-gestora-social","tag-instituto-de-vivienda-municipal-de-aguazul","tag-johana-pena","tag-presidente-del-concejo","tag-proyecto-de-la-urbanizacion-villa-valeria","tag-radio-noticias-casanare","tag-recursos-adicionales","tag-sin-incurrir-en-gastos-de-escrituracion","tag-superintendencia-de-notariado-y-registro","tag-vivienda","tag-zulma-sandoval"],"_links":{"self":[{"href":"https:\/\/radionoticiascasanare.com\/inicio\/wp-json\/wp\/v2\/posts\/55676","targetHints":{"allow":["GET"]}}],"collection":[{"href":"https:\/\/radionoticiascasanare.com\/inicio\/wp-json\/wp\/v2\/posts"}],"about":[{"href":"https:\/\/radionoticiascasanare.com\/inicio\/wp-json\/wp\/v2\/types\/post"}],"author":[{"embeddable":true,"href":"https:\/\/radionoticiascasanare.com\/inicio\/wp-json\/wp\/v2\/users\/2"}],"replies":[{"embeddable":true,"href":"https:\/\/radionoticiascasanare.com\/inicio\/wp-json\/wp\/v2\/comments?post=55676"}],"version-history":[{"count":1,"href":"https:\/\/radionoticiascasanare.com\/inicio\/wp-json\/wp\/v2\/posts\/55676\/revisions"}],"predecessor-version":[{"id":55678,"href":"https:\/\/radionoticiascasanare.com\/inicio\/wp-json\/wp\/v2\/posts\/55676\/revisions\/55678"}],"wp:featuredmedia":[{"embeddable":true,"href":"https:\/\/radionoticiascasanare.com\/inicio\/wp-json\/wp\/v2\/media\/55677"}],"wp:attachment":[{"href":"https:\/\/radionoticiascasanare.com\/inicio\/wp-json\/wp\/v2\/media?parent=55676"}],"wp:term":[{"taxonomy":"category","embeddable":true,"href":"https:\/\/radionoticiascasanare.com\/inicio\/wp-json\/wp\/v2\/categories?post=55676"},{"taxonomy":"post_tag","embeddable":true,"href":"https:\/\/radionoticiascasanare.com\/inicio\/wp-json\/wp\/v2\/tags?post=55676"}],"curies":[{"name":"wp","href":"https:\/\/api.w.org\/{rel}","templated":true}]}}