{"id":55914,"date":"2025-01-21T00:02:43","date_gmt":"2025-01-21T05:02:43","guid":{"rendered":"https:\/\/radionoticiascasanare.com\/inicio\/?p=55914"},"modified":"2025-01-20T21:42:00","modified_gmt":"2025-01-21T02:42:00","slug":"policia-captura-a-alias-traslavina-presunto-autor-del-secuestro-y-posterior-muerte-del-ganadero-nestor-julio-baron","status":"publish","type":"post","link":"https:\/\/radionoticiascasanare.com\/inicio\/policia-captura-a-alias-traslavina-presunto-autor-del-secuestro-y-posterior-muerte-del-ganadero-nestor-julio-baron\/","title":{"rendered":"Polic\u00eda captura a alias Traslavi\u00f1a presunto autor del secuestro y posterior muerte del ganadero N\u00e9stor Julio Bar\u00f3n"},"content":{"rendered":"<p><img decoding=\"async\" class=\" wp-image-55915 alignleft\" src=\"https:\/\/radionoticiascasanare.com\/inicio\/wp-content\/uploads\/2025\/01\/WhatsApp-Image-2025-01-20-at-9.35.17-PM-300x160.jpeg\" alt=\"\" width=\"240\" height=\"128\" srcset=\"https:\/\/radionoticiascasanare.com\/inicio\/wp-content\/uploads\/2025\/01\/WhatsApp-Image-2025-01-20-at-9.35.17-PM-300x160.jpeg 300w, https:\/\/radionoticiascasanare.com\/inicio\/wp-content\/uploads\/2025\/01\/WhatsApp-Image-2025-01-20-at-9.35.17-PM-1024x545.jpeg 1024w, https:\/\/radionoticiascasanare.com\/inicio\/wp-content\/uploads\/2025\/01\/WhatsApp-Image-2025-01-20-at-9.35.17-PM-768x408.jpeg 768w, https:\/\/radionoticiascasanare.com\/inicio\/wp-content\/uploads\/2025\/01\/WhatsApp-Image-2025-01-20-at-9.35.17-PM.jpeg 1194w\" sizes=\"(max-width: 240px) 100vw, 240px\" \/>Luego de que el pasado 06 mayo de a\u00f1o 2024, se presentara el secuestro del se\u00f1or N\u00e9stor Julio Bar\u00f3n Reyes, momentos en que se encontrara en su finca ubicada en zona rural del municipio de Paz de Ariporo al norte del departamento.<\/p>\n<p>La Polic\u00eda Nacional a trav\u00e9s de su Grupo GAULA, logr\u00f3 la captura de alias \u201cTraslavi\u00f1a\u201d, hombre se\u00f1alado de ser el autor material e intelectual de este lamentable suceso, donde perdi\u00f3 la vida este reconocido ganadero de la regi\u00f3n.<\/p>\n<p>La investigaci\u00f3n adelantada en coordinaci\u00f3n con la fiscal\u00eda quinta especializada pudo recolectar material probatorio suficiente que permiti\u00f3 establecer la participaci\u00f3n de esta persona en este acto delictivo.<\/p>\n<p>As\u00ed mismo, se pudo obtener informaci\u00f3n importante que permiti\u00f3 establecer, que alias \u201cTraslavi\u00f1a\u201d seria<br \/>\nintegrante del frente 10 Guadalupe Salcedo de las FARC.<\/p>\n<p>Nueve meses dur\u00f3 la investigaci\u00f3n que permiti\u00f3 resolver un caso de secuestro que conmocion\u00f3 a la comunidad casanare\u00f1a.<\/p>\n<p>Fuente y Fotograf\u00eda Polic\u00eda Casanare<\/p>\n","protected":false},"excerpt":{"rendered":"<p>Luego de que el pasado 06 mayo de a\u00f1o 2024, se presentara el secuestro del se\u00f1or N\u00e9stor Julio Bar\u00f3n Reyes, momentos en que se encontrara en su finca ubicada en zona rural del municipio de Paz de Ariporo al norte del departamento. La Polic\u00eda Nacional a trav\u00e9s de su Grupo GAULA, logr\u00f3 la captura de [&hellip;]<\/p>\n","protected":false},"author":2,"featured_media":55915,"comment_status":"closed","ping_status":"closed","sticky":false,"template":"","format":"standard","meta":{"footnotes":""},"categories":[2,66,27,8492,8493],"tags":[1588,3,24800,399,21067,277,7,207,238,286],"class_list":["post-55914","post","type-post","status-publish","format-standard","has-post-thumbnail","hentry","category-casanare","category-destacadas","category-judicial","category-noticias-casanare","category-noticias-de-casanare","tag-asesinato","tag-casanare","tag-frente-10-guadalupe-salcedo-de-las-farc","tag-ganadero","tag-gaula-policia","tag-judicial","tag-paz-de-ariporo","tag-policia-casanare","tag-radio-noticias-casanare","tag-secuestro"],"_links":{"self":[{"href":"https:\/\/radionoticiascasanare.com\/inicio\/wp-json\/wp\/v2\/posts\/55914","targetHints":{"allow":["GET"]}}],"collection":[{"href":"https:\/\/radionoticiascasanare.com\/inicio\/wp-json\/wp\/v2\/posts"}],"about":[{"href":"https:\/\/radionoticiascasanare.com\/inicio\/wp-json\/wp\/v2\/types\/post"}],"author":[{"embeddable":true,"href":"https:\/\/radionoticiascasanare.com\/inicio\/wp-json\/wp\/v2\/users\/2"}],"replies":[{"embeddable":true,"href":"https:\/\/radionoticiascasanare.com\/inicio\/wp-json\/wp\/v2\/comments?post=55914"}],"version-history":[{"count":1,"href":"https:\/\/radionoticiascasanare.com\/inicio\/wp-json\/wp\/v2\/posts\/55914\/revisions"}],"predecessor-version":[{"id":55916,"href":"https:\/\/radionoticiascasanare.com\/inicio\/wp-json\/wp\/v2\/posts\/55914\/revisions\/55916"}],"wp:featuredmedia":[{"embeddable":true,"href":"https:\/\/radionoticiascasanare.com\/inicio\/wp-json\/wp\/v2\/media\/55915"}],"wp:attachment":[{"href":"https:\/\/radionoticiascasanare.com\/inicio\/wp-json\/wp\/v2\/media?parent=55914"}],"wp:term":[{"taxonomy":"category","embeddable":true,"href":"https:\/\/radionoticiascasanare.com\/inicio\/wp-json\/wp\/v2\/categories?post=55914"},{"taxonomy":"post_tag","embeddable":true,"href":"https:\/\/radionoticiascasanare.com\/inicio\/wp-json\/wp\/v2\/tags?post=55914"}],"curies":[{"name":"wp","href":"https:\/\/api.w.org\/{rel}","templated":true}]}}