{"id":56572,"date":"2025-02-27T00:03:45","date_gmt":"2025-02-27T05:03:45","guid":{"rendered":"https:\/\/radionoticiascasanare.com\/inicio\/?p=56572"},"modified":"2025-02-26T22:00:49","modified_gmt":"2025-02-27T03:00:49","slug":"el-turismo-ya-genera-mas-divisas-que-el-carbon-presidente-petro-celebra-el-crecimiento-economico-en-vitrina-anato-2025","status":"publish","type":"post","link":"https:\/\/radionoticiascasanare.com\/inicio\/el-turismo-ya-genera-mas-divisas-que-el-carbon-presidente-petro-celebra-el-crecimiento-economico-en-vitrina-anato-2025\/","title":{"rendered":"El turismo ya genera m\u00e1s divisas que el carb\u00f3n: Presidente Petro celebra el crecimiento econ\u00f3mico en Vitrina Anato 2025"},"content":{"rendered":"<div>\n<p><img decoding=\"async\" class=\" wp-image-56573\" src=\"https:\/\/radionoticiascasanare.com\/inicio\/wp-content\/uploads\/2025\/02\/Vitrina-Turistica-Anato-300x169.jpg\" alt=\"\" width=\"229\" height=\"129\" srcset=\"https:\/\/radionoticiascasanare.com\/inicio\/wp-content\/uploads\/2025\/02\/Vitrina-Turistica-Anato-300x169.jpg 300w, https:\/\/radionoticiascasanare.com\/inicio\/wp-content\/uploads\/2025\/02\/Vitrina-Turistica-Anato-1024x576.jpg 1024w, https:\/\/radionoticiascasanare.com\/inicio\/wp-content\/uploads\/2025\/02\/Vitrina-Turistica-Anato-768x432.jpg 768w, https:\/\/radionoticiascasanare.com\/inicio\/wp-content\/uploads\/2025\/02\/Vitrina-Turistica-Anato.jpg 1280w\" sizes=\"(max-width: 229px) 100vw, 229px\" \/><\/p>\n<p>El presidente Gustavo Petro Urrego sostuvo este mi\u00e9rcoles, frente a los cerca de 50.000 empresarios asistentes a la instalaci\u00f3n de la Vitrina Tur\u00edstica de la Asociaci\u00f3n Colombiana de Agencias de Viajes y Turismo (Anato), que este sector fue uno de los grandes jalonadores de la econom\u00eda colombiana en 2024, junto con la agricultura, lo que demostrar\u00eda el \u00e9xito del tr\u00e1nsito del modelo econ\u00f3mico extractivista a uno basado en la producci\u00f3n, tal y como lo propuso en su campa\u00f1a electoral y por lo que votaron una mayor\u00eda de colombianos y colombianas.<\/p><\/div>\n<div><\/div>\n<div>El mandatario hizo alusi\u00f3n a las cifras hist\u00f3ricas que se ha alcanzado el turismo en el pa\u00eds: 6,7 millones de visitantes en 2024, un 12 % m\u00e1s de lo proyectado, aunque reconoci\u00f3 que la meta que se espera que alcance el pa\u00eds de forma paulatina, es de 12 millones de turistas no residentes por a\u00f1o.<\/div>\n<div><\/div>\n<div>El jefe del Estado tambi\u00e9n resalt\u00f3 que con ello se ha logrado superar las divisas derivadas de la explotaci\u00f3n de carb\u00f3n, porque, seg\u00fan lo explic\u00f3, el mundo ya no quiere ese tipo de energ\u00eda que amenaza la vida en el planeta.<\/div>\n<div><\/div>\n<div>Y agreg\u00f3 que tambi\u00e9n el petr\u00f3leo \u201cse estancar\u00e1\u201d, por esta misma raz\u00f3n, y destac\u00f3 que \u201clo que ha crecido es la agricultura y la industria no petroqu\u00edmica, es decir producci\u00f3n real, es decir, riqueza nacional y un servicio que es turismo\u201d.<\/div>\n<div><\/div>\n<div>El presidente se\u00f1al\u00f3 que se trata de un crecimiento \u2018chino\u2019 para esos dos sectores, \u201ca unas tasas que son ambicios\u00edsimas, tasas reales: 8,1 agricultura y 8,5 turismo\u201d.<\/div>\n<div><\/div>\n<div>Sostuvo, asimismo, que, si el balance se hiciera no en d\u00f3lares, sino en trabajo, \u201ctodav\u00eda es mucho m\u00e1s contundente, desde el punto de vista de la positividad de lo que estamos realizando en estos dos a\u00f1os\u201d y resalt\u00f3 los avances que ello representa en t\u00e9rminos de equidad, pues en solo turismo hay cerca de 115 mil unidades empresariales, mientras las de carb\u00f3n y petr\u00f3leo se pueden contar con los dedos de la mano.<\/div>\n<div><\/div>\n<div>Y concluy\u00f3: \u201cEso significa democratizar la riqueza, un tema que no se puede dejar a un lado, porque somos el pa\u00eds m\u00e1s desigual socialmente del mundo, y democratizar la riqueza es construir paz y democracia\u201d.<\/div>\n<div><\/div>\n<div><strong>Reconocimiento a los logros del sector\u200b<\/strong><\/div>\n<div><\/div>\n<div>\n<div>El presidente Gustavo Petro Urrego sostuvo este mi\u00e9rcoles, frente a los cerca de 50.000 empresarios asistentes a la instalaci\u00f3n de la Vitrina Tur\u00edstica de la Asociaci\u00f3n Colombiana de Agencias de Viajes y Turismo (Anato), que este sector fue uno de los grandes jalonadores de la econom\u00eda colombiana en 2024, junto con la agricultura, lo que demostrar\u00eda el \u00e9xito del tr\u00e1nsito del modelo econ\u00f3mico extractivista a uno basado en la producci\u00f3n, tal y como lo propuso en su campa\u00f1a electoral y por lo que votaron una mayor\u00eda de colombianos y colombianas.<\/div>\n<div><\/div>\n<div>El mandatario hizo alusi\u00f3n a las cifras hist\u00f3ricas que se ha alcanzado el turismo en el pa\u00eds: 6,7 millones de visitantes en 2024, un 12 % m\u00e1s de lo proyectado, aunque reconoci\u00f3 que la meta que se espera que alcance el pa\u00eds de forma paulatina, es de 12 millones de turistas no residentes por a\u00f1o.<\/div>\n<div><\/div>\n<div>El jefe del Estado tambi\u00e9n resalt\u00f3 que con ello se ha logrado superar las divisas derivadas de la explotaci\u00f3n de carb\u00f3n, porque, seg\u00fan lo explic\u00f3, el mundo ya no quiere ese tipo de energ\u00eda que amenaza la vida en el planeta.<\/div>\n<div><\/div>\n<div>Y agreg\u00f3 que tambi\u00e9n el petr\u00f3leo \u201cse estancar\u00e1\u201d, por esta misma raz\u00f3n, y destac\u00f3 que \u201clo que ha crecido es la agricultura y la industria no petroqu\u00edmica, es decir producci\u00f3n real, es decir, riqueza nacional y un servicio que es turismo\u201d.<\/div>\n<div><\/div>\n<div>El presidente se\u00f1al\u00f3 que se trata de un crecimiento \u2018chino\u2019 para esos dos sectores, \u201ca unas tasas que son ambicios\u00edsimas, tasas reales: 8,1 agricultura y 8,5 turismo\u201d.<\/div>\n<div><\/div>\n<div>Sostuvo, asimismo, que, si el balance se hiciera no en d\u00f3lares, sino en trabajo, \u201ctodav\u00eda es mucho m\u00e1s contundente, desde el punto de vista de la positividad de lo que estamos realizando en estos dos a\u00f1os\u201d y resalt\u00f3 los avances que ello representa en t\u00e9rminos de equidad, pues en solo turismo hay cerca de 115 mil unidades empresariales, mientras las de carb\u00f3n y petr\u00f3leo se pueden contar con los dedos de la mano.<\/div>\n<div><\/div>\n<div>Y concluy\u00f3: \u201cEso significa democratizar la riqueza, un tema que no se puede dejar a un lado, porque somos el pa\u00eds m\u00e1s desigual socialmente del mundo, y democratizar la riqueza es construir paz y democracia\u201d.<\/div>\n<\/div>\n","protected":false},"excerpt":{"rendered":"<p>El presidente Gustavo Petro Urrego sostuvo este mi\u00e9rcoles, frente a los cerca de 50.000 empresarios asistentes a la instalaci\u00f3n de la Vitrina Tur\u00edstica de la Asociaci\u00f3n Colombiana de Agencias de Viajes y Turismo (Anato), que este sector fue uno de los grandes jalonadores de la econom\u00eda colombiana en 2024, junto con la agricultura, lo que [&hellip;]<\/p>\n","protected":false},"author":2,"featured_media":0,"comment_status":"closed","ping_status":"closed","sticky":false,"template":"","format":"standard","meta":{"footnotes":""},"categories":[66,4897,168,51,21615],"tags":[561,59,17574,25620,2952,23643,238,65,25619],"class_list":["post-56572","post","type-post","status-publish","format-standard","hentry","category-destacadas","category-economia","category-generales","category-nacional","category-radio-noticias-casanare","tag-agricultura","tag-anato","tag-asociacion-colombiana-de-agencias-de-viajes-y-turismo","tag-economia-colombiana","tag-nacionales","tag-presidente-gustavo-petro-urrego","tag-radio-noticias-casanare","tag-turismo","tag-vitrina-mas-importante-del-turismo"],"_links":{"self":[{"href":"https:\/\/radionoticiascasanare.com\/inicio\/wp-json\/wp\/v2\/posts\/56572","targetHints":{"allow":["GET"]}}],"collection":[{"href":"https:\/\/radionoticiascasanare.com\/inicio\/wp-json\/wp\/v2\/posts"}],"about":[{"href":"https:\/\/radionoticiascasanare.com\/inicio\/wp-json\/wp\/v2\/types\/post"}],"author":[{"embeddable":true,"href":"https:\/\/radionoticiascasanare.com\/inicio\/wp-json\/wp\/v2\/users\/2"}],"replies":[{"embeddable":true,"href":"https:\/\/radionoticiascasanare.com\/inicio\/wp-json\/wp\/v2\/comments?post=56572"}],"version-history":[{"count":1,"href":"https:\/\/radionoticiascasanare.com\/inicio\/wp-json\/wp\/v2\/posts\/56572\/revisions"}],"predecessor-version":[{"id":56574,"href":"https:\/\/radionoticiascasanare.com\/inicio\/wp-json\/wp\/v2\/posts\/56572\/revisions\/56574"}],"wp:attachment":[{"href":"https:\/\/radionoticiascasanare.com\/inicio\/wp-json\/wp\/v2\/media?parent=56572"}],"wp:term":[{"taxonomy":"category","embeddable":true,"href":"https:\/\/radionoticiascasanare.com\/inicio\/wp-json\/wp\/v2\/categories?post=56572"},{"taxonomy":"post_tag","embeddable":true,"href":"https:\/\/radionoticiascasanare.com\/inicio\/wp-json\/wp\/v2\/tags?post=56572"}],"curies":[{"name":"wp","href":"https:\/\/api.w.org\/{rel}","templated":true}]}}