{"id":56725,"date":"2025-03-10T00:10:31","date_gmt":"2025-03-10T05:10:31","guid":{"rendered":"https:\/\/radionoticiascasanare.com\/inicio\/?p=56725"},"modified":"2025-03-10T04:55:02","modified_gmt":"2025-03-10T09:55:02","slug":"gobernacion-de-casanare-amplia-cobertura-del-transporte-escolar-en-monterrey","status":"publish","type":"post","link":"https:\/\/radionoticiascasanare.com\/inicio\/gobernacion-de-casanare-amplia-cobertura-del-transporte-escolar-en-monterrey\/","title":{"rendered":"Gobernaci\u00f3n de Casanare ampl\u00eda cobertura del transporte escolar en Monterrey"},"content":{"rendered":"<p><img fetchpriority=\"high\" decoding=\"async\" class=\"size-medium wp-image-56726 alignleft\" src=\"https:\/\/radionoticiascasanare.com\/inicio\/wp-content\/uploads\/2025\/03\/WhatsApp-Image-2025-03-09-at-10.05.27-PM-300x199.jpeg\" alt=\"\" width=\"300\" height=\"199\" srcset=\"https:\/\/radionoticiascasanare.com\/inicio\/wp-content\/uploads\/2025\/03\/WhatsApp-Image-2025-03-09-at-10.05.27-PM-300x199.jpeg 300w, https:\/\/radionoticiascasanare.com\/inicio\/wp-content\/uploads\/2025\/03\/WhatsApp-Image-2025-03-09-at-10.05.27-PM-1024x678.jpeg 1024w, https:\/\/radionoticiascasanare.com\/inicio\/wp-content\/uploads\/2025\/03\/WhatsApp-Image-2025-03-09-at-10.05.27-PM-768x508.jpeg 768w, https:\/\/radionoticiascasanare.com\/inicio\/wp-content\/uploads\/2025\/03\/WhatsApp-Image-2025-03-09-at-10.05.27-PM.jpeg 1280w\" sizes=\"(max-width: 300px) 100vw, 300px\" \/>La Secretar\u00eda de Educaci\u00f3n de Casanare, logr\u00f3 importantes avances para mejorar el servicio de transporte escolar en el municipio de Monterrey.<\/p>\n<p>Ampliaci\u00f3n de rutas escolares:<\/p>\n<p>Tras una reuni\u00f3n entre el secretario de Educaci\u00f3n departamental, Diego Fernando Ardila Plazas; el alcalde de Monterrey, Alejandro Ballesteros; concejales y padres de familia, se logr\u00f3 ampliar la cobertura del servicio de transporte escolar.<\/p>\n<p>A partir de este lunes 10 de marzo de 2025, entrar\u00e1n en funcionamiento siete nuevas rutas de transporte escolar:<\/p>\n<p>1. Bellavista sector Los Tanques: servicio con bus<br \/>\n2. La Bendici\u00f3n &#8211; El Porvenir: servicio con microb\u00fas<br \/>\n3. Barbasco &#8211; Alto la Virgen &#8211; Bellavista: servicio con microb\u00fas<br \/>\n4. Vereda Marenao &#8211; Guafal: servicio con camioneta<br \/>\n5. Vereda Iguaro &#8211; Villacarola: servicio con camioneta<br \/>\n6. Sector La Umata: servicio con microb\u00fas<br \/>\n7. Sector finca de Jaime Canelo: servicio con microb\u00fas<\/p>\n<p>Esta ampliaci\u00f3n beneficiar\u00e1 directamente a cientos de estudiantes de zonas rurales y urbanas de Monterrey, facilitando su acceso a la educaci\u00f3n.<\/p>\n<p>&#8220;Estas mejoras son una directriz de nuestro gobernador C\u00e9sar Ortiz Zorro, quien mantiene su firme compromiso de garantizar un transporte escolar seguro y eficiente para todos los estudiantes de Monterrey&#8221;, destac\u00f3 el Secretario de Educaci\u00f3n.<\/p>\n<p>La Gobernaci\u00f3n de Casanare continuar\u00e1 trabajando en conjunto con las autoridades municipales para fortalecer los servicios educativos en todo el departamento, priorizando la seguridad y el bienestar de los estudiantes.<\/p>\n<p>Fuente y Fotograf\u00eda Gobernaci\u00f3n de Casanare<\/p>\n","protected":false},"excerpt":{"rendered":"<p>La Secretar\u00eda de Educaci\u00f3n de Casanare, logr\u00f3 importantes avances para mejorar el servicio de transporte escolar en el municipio de Monterrey. Ampliaci\u00f3n de rutas escolares: Tras una reuni\u00f3n entre el secretario de Educaci\u00f3n departamental, Diego Fernando Ardila Plazas; el alcalde de Monterrey, Alejandro Ballesteros; concejales y padres de familia, se logr\u00f3 ampliar la cobertura del [&hellip;]<\/p>\n","protected":false},"author":2,"featured_media":56726,"comment_status":"closed","ping_status":"closed","sticky":false,"template":"","format":"standard","meta":{"footnotes":""},"categories":[2,66,6171,21616,25766,21615],"tags":[11259,25782,3,25781,18566,21913,240,238,25779,25780],"class_list":["post-56725","post","type-post","status-publish","format-standard","has-post-thumbnail","hentry","category-casanare","category-destacadas","category-educacion","category-instituciones-educativas","category-monterrey","category-radio-noticias-casanare","tag-alcalde-de-monterrey","tag-alejandro-ballesteros","tag-casanare","tag-diego-fernando-ardila","tag-esucacion","tag-gobernador-cesar-ortiz-zorro","tag-monterrey","tag-radio-noticias-casanare","tag-rutas-escolares","tag-secretario-de-educacion-departamental"],"_links":{"self":[{"href":"https:\/\/radionoticiascasanare.com\/inicio\/wp-json\/wp\/v2\/posts\/56725","targetHints":{"allow":["GET"]}}],"collection":[{"href":"https:\/\/radionoticiascasanare.com\/inicio\/wp-json\/wp\/v2\/posts"}],"about":[{"href":"https:\/\/radionoticiascasanare.com\/inicio\/wp-json\/wp\/v2\/types\/post"}],"author":[{"embeddable":true,"href":"https:\/\/radionoticiascasanare.com\/inicio\/wp-json\/wp\/v2\/users\/2"}],"replies":[{"embeddable":true,"href":"https:\/\/radionoticiascasanare.com\/inicio\/wp-json\/wp\/v2\/comments?post=56725"}],"version-history":[{"count":1,"href":"https:\/\/radionoticiascasanare.com\/inicio\/wp-json\/wp\/v2\/posts\/56725\/revisions"}],"predecessor-version":[{"id":56727,"href":"https:\/\/radionoticiascasanare.com\/inicio\/wp-json\/wp\/v2\/posts\/56725\/revisions\/56727"}],"wp:featuredmedia":[{"embeddable":true,"href":"https:\/\/radionoticiascasanare.com\/inicio\/wp-json\/wp\/v2\/media\/56726"}],"wp:attachment":[{"href":"https:\/\/radionoticiascasanare.com\/inicio\/wp-json\/wp\/v2\/media?parent=56725"}],"wp:term":[{"taxonomy":"category","embeddable":true,"href":"https:\/\/radionoticiascasanare.com\/inicio\/wp-json\/wp\/v2\/categories?post=56725"},{"taxonomy":"post_tag","embeddable":true,"href":"https:\/\/radionoticiascasanare.com\/inicio\/wp-json\/wp\/v2\/tags?post=56725"}],"curies":[{"name":"wp","href":"https:\/\/api.w.org\/{rel}","templated":true}]}}