{"id":56728,"date":"2025-03-10T00:11:01","date_gmt":"2025-03-10T05:11:01","guid":{"rendered":"https:\/\/radionoticiascasanare.com\/inicio\/?p=56728"},"modified":"2025-03-09T23:43:26","modified_gmt":"2025-03-10T04:43:26","slug":"lo-mejor-de-casanare-en-un-solo-lugar-tienda-casanare-abre-sus-puertas-para-mostrar-la-cultura-de-la-region","status":"publish","type":"post","link":"https:\/\/radionoticiascasanare.com\/inicio\/lo-mejor-de-casanare-en-un-solo-lugar-tienda-casanare-abre-sus-puertas-para-mostrar-la-cultura-de-la-region\/","title":{"rendered":"Lo mejor de Casanare en un solo lugar: Tienda Casanare abre sus puertas para mostrar la cultura de la regi\u00f3n"},"content":{"rendered":"<p><img decoding=\"async\" class=\" wp-image-56729 alignleft\" src=\"https:\/\/radionoticiascasanare.com\/inicio\/wp-content\/uploads\/2025\/03\/WhatsApp-Image-2025-03-09-at-10.29.19-PM-300x200.jpeg\" alt=\"\" width=\"218\" height=\"145\" srcset=\"https:\/\/radionoticiascasanare.com\/inicio\/wp-content\/uploads\/2025\/03\/WhatsApp-Image-2025-03-09-at-10.29.19-PM-300x200.jpeg 300w, https:\/\/radionoticiascasanare.com\/inicio\/wp-content\/uploads\/2025\/03\/WhatsApp-Image-2025-03-09-at-10.29.19-PM-1024x682.jpeg 1024w, https:\/\/radionoticiascasanare.com\/inicio\/wp-content\/uploads\/2025\/03\/WhatsApp-Image-2025-03-09-at-10.29.19-PM-768x512.jpeg 768w, https:\/\/radionoticiascasanare.com\/inicio\/wp-content\/uploads\/2025\/03\/WhatsApp-Image-2025-03-09-at-10.29.19-PM-1536x1023.jpeg 1536w, https:\/\/radionoticiascasanare.com\/inicio\/wp-content\/uploads\/2025\/03\/WhatsApp-Image-2025-03-09-at-10.29.19-PM.jpeg 1600w\" sizes=\"(max-width: 218px) 100vw, 218px\" \/>En el marco de la celebraci\u00f3n del D\u00eda de la Mujer, la Gobernaci\u00f3n de Casanare inaugur\u00f3 la Tienda Casanare, un espacio dedicado a la exposici\u00f3n y comercializaci\u00f3n de las artesan\u00edas elaboradas por talentosos artesanos del departamento.<\/p>\n<p>Esta iniciativa, liderada por la gestora social Diana Soler y el gobernador C\u00e9sar Ortiz Zorro, tiene como prop\u00f3sito dignificar el trabajo artesanal, visibilizar sus creaciones y preservar las tradiciones que reflejan la riqueza cultural de Casanare.<\/p>\n<p>Ubicada en el s\u00f3tano del Centro Comercial Unicentro Yopal, la tienda cuenta con la participaci\u00f3n de 21 artesanos y artesanas, entre ellos madres cabeza de hogar, cuidadores, v\u00edctimas del conflicto, j\u00f3venes, personas con discapacidad y adultos mayores, quienes ahora tienen un espacio para exhibir y comercializar sus productos.<\/p>\n<p>La gestora social Diana Soler expres\u00f3 su satisfacci\u00f3n por este logro, &#8220;toqu\u00e9 muchas puertas para que Tienda Casanare fuera una realidad, un espacio bonito, agradable y llamativo. Hoy, gracias a la articulaci\u00f3n entre Artesan\u00edas de Colombia y la Gobernaci\u00f3n de Casanare, veo este sue\u00f1o materializado. Me siento feliz y agradecida por nuestros artesanos. Siempre estar\u00e9 dispuesta a apoyarlos para que potencialicen sus productos y los exhiban en esta ventana llena de cultura y tradici\u00f3n&#8221;.<\/p>\n<p>Asimismo, anunci\u00f3 que pr\u00f3ximamente se abrir\u00e1 una nueva convocatoria para que m\u00e1s artesanos puedan participar y mostrar sus creaciones en este importante espacio.<\/p>\n<p>Durante el evento de apertura, la Gestora Social entreg\u00f3 un reconocimiento a Hansel Morales, gerente de Unicentro Yopal, en agradecimiento por su compromiso y apoyo en la generaci\u00f3n de oportunidades para los artesanos del departamento.<\/p>\n<p>En su primer d\u00eda de funcionamiento, la Tienda Casanare registr\u00f3 ventas por aproximadamente 3 millones de pesos, reflejando el inter\u00e9s del p\u00fablico por adquirir productos que cuentan historias y representan el arte y la identidad casanare\u00f1a.<\/p>\n<p>La Gobernaci\u00f3n de Casanare invita a toda la comunidad a visitar la Tienda Casanare, donde encontrar\u00e1n una variedad de productos \u00fanicos y hechos a mano. Su apoyo es fundamental para fortalecer la econom\u00eda de estos emprendedores y contribuir a la preservaci\u00f3n de la cultura regional.<\/p>\n<p>Fuente y Fotograf\u00eda Gobernaci\u00f3n de Casanare<\/p>\n","protected":false},"excerpt":{"rendered":"<p>En el marco de la celebraci\u00f3n del D\u00eda de la Mujer, la Gobernaci\u00f3n de Casanare inaugur\u00f3 la Tienda Casanare, un espacio dedicado a la exposici\u00f3n y comercializaci\u00f3n de las artesan\u00edas elaboradas por talentosos artesanos del departamento. Esta iniciativa, liderada por la gestora social Diana Soler y el gobernador C\u00e9sar Ortiz Zorro, tiene como prop\u00f3sito dignificar [&hellip;]<\/p>\n","protected":false},"author":2,"featured_media":56729,"comment_status":"closed","ping_status":"closed","sticky":false,"template":"","format":"standard","meta":{"footnotes":""},"categories":[2,18,66,8492,8493,21615],"tags":[2002,9826,25785,10931,379,25784,25786,1224,9653,25783,25788,6287,25787,2210],"class_list":["post-56728","post","type-post","status-publish","format-standard","has-post-thumbnail","hentry","category-casanare","category-cultura","category-destacadas","category-noticias-casanare","category-noticias-de-casanare","category-radio-noticias-casanare","tag-adultos-mayores","tag-artesanias","tag-artesanos-del-departamento","tag-cuidadores","tag-dia-de-la-mujer","tag-exposicion-y-comercializacion","tag-gestora-social-diana-soler","tag-jovenes","tag-la-gobernacion-de-casanare","tag-la-tienda-casanare","tag-madres-cabeza-de-hogar","tag-personas-con-discapacidad","tag-riqueza-cultural-de-casanare","tag-victimas-del-conflicto"],"_links":{"self":[{"href":"https:\/\/radionoticiascasanare.com\/inicio\/wp-json\/wp\/v2\/posts\/56728","targetHints":{"allow":["GET"]}}],"collection":[{"href":"https:\/\/radionoticiascasanare.com\/inicio\/wp-json\/wp\/v2\/posts"}],"about":[{"href":"https:\/\/radionoticiascasanare.com\/inicio\/wp-json\/wp\/v2\/types\/post"}],"author":[{"embeddable":true,"href":"https:\/\/radionoticiascasanare.com\/inicio\/wp-json\/wp\/v2\/users\/2"}],"replies":[{"embeddable":true,"href":"https:\/\/radionoticiascasanare.com\/inicio\/wp-json\/wp\/v2\/comments?post=56728"}],"version-history":[{"count":1,"href":"https:\/\/radionoticiascasanare.com\/inicio\/wp-json\/wp\/v2\/posts\/56728\/revisions"}],"predecessor-version":[{"id":56730,"href":"https:\/\/radionoticiascasanare.com\/inicio\/wp-json\/wp\/v2\/posts\/56728\/revisions\/56730"}],"wp:featuredmedia":[{"embeddable":true,"href":"https:\/\/radionoticiascasanare.com\/inicio\/wp-json\/wp\/v2\/media\/56729"}],"wp:attachment":[{"href":"https:\/\/radionoticiascasanare.com\/inicio\/wp-json\/wp\/v2\/media?parent=56728"}],"wp:term":[{"taxonomy":"category","embeddable":true,"href":"https:\/\/radionoticiascasanare.com\/inicio\/wp-json\/wp\/v2\/categories?post=56728"},{"taxonomy":"post_tag","embeddable":true,"href":"https:\/\/radionoticiascasanare.com\/inicio\/wp-json\/wp\/v2\/tags?post=56728"}],"curies":[{"name":"wp","href":"https:\/\/api.w.org\/{rel}","templated":true}]}}