{"id":56809,"date":"2025-03-13T00:05:21","date_gmt":"2025-03-13T05:05:21","guid":{"rendered":"https:\/\/radionoticiascasanare.com\/inicio\/?p=56809"},"modified":"2025-03-12T22:52:14","modified_gmt":"2025-03-13T03:52:14","slug":"salud-y-bienestar-para-la-esmeralda-de-yopal","status":"publish","type":"post","link":"https:\/\/radionoticiascasanare.com\/inicio\/salud-y-bienestar-para-la-esmeralda-de-yopal\/","title":{"rendered":"Salud y bienestar para La Esmeralda de Yopal"},"content":{"rendered":"<p><img decoding=\"async\" class=\"alignleft wp-image-56810 \" src=\"https:\/\/radionoticiascasanare.com\/inicio\/wp-content\/uploads\/2025\/03\/salud-y-bienestar-para-la-esmeralda_1024x600-e1741837772803-300x149.png\" alt=\"\" width=\"268\" height=\"133\" srcset=\"https:\/\/radionoticiascasanare.com\/inicio\/wp-content\/uploads\/2025\/03\/salud-y-bienestar-para-la-esmeralda_1024x600-e1741837772803-300x149.png 300w, https:\/\/radionoticiascasanare.com\/inicio\/wp-content\/uploads\/2025\/03\/salud-y-bienestar-para-la-esmeralda_1024x600-e1741837772803-768x380.png 768w, https:\/\/radionoticiascasanare.com\/inicio\/wp-content\/uploads\/2025\/03\/salud-y-bienestar-para-la-esmeralda_1024x600-e1741837772803.png 931w\" sizes=\"(max-width: 268px) 100vw, 268px\" \/>En busca de acercar los servicios de salud y bienestar a la comunidad, este s\u00e1bado 15 y domingo 16 de marzo, la Alcald\u00eda de Yopal realizar\u00e1 una Jornada de Apoyo al Desarrollo en el barrio La Esmeralda y zonas aleda\u00f1as.<\/p>\n<p>En este sentido, se invita a los habitantes de este sector para que participen activamente, ya que los asistentes podr\u00e1n acceder a consultas m\u00e9dicas, orientaci\u00f3n profesional y atenci\u00f3n especializada de manera gratuita, con la presencia de m\u00e1s de 40 especialistas en diversas \u00e1reas, como psicolog\u00eda, ortopedia, optometr\u00eda, odontolog\u00eda, entre otras.<\/p>\n<p>El comandante del Grupo A\u00e9reo del Casanare, coronel Andr\u00e9s Rosero Caicedo, expres\u00f3 su agradecimiento por la invitaci\u00f3n de la Alcald\u00eda y destac\u00f3 la importancia de esta jornada para el bienestar de los yopale\u00f1os, expresando que \u201cse estar\u00e1 acompa\u00f1ando esta actividad tan importante, con especialistas que brindar\u00e1n atenci\u00f3n en distintas \u00e1reas. Invitamos a toda la comunidad a sumarse, a aprovechar estos servicios y a fortalecer el lazo con nuestra Fuerza Aeroespacial, que siempre est\u00e1 dispuesta a servirles\u201d.<\/p>\n<p>La Administraci\u00f3n Municipal, reiteramos el compromiso con el bienestar y la calidad de vida de la ciudadan\u00eda, promoviendo espacios de atenci\u00f3n integral que permitan el acceso a servicios esenciales para la salud y el desarrollo social. En esta oportunidad, la invitaci\u00f3n es para todos los habitantes de La Esmeralda y zonas aleda\u00f1as a participar activamente en esta jornada.<\/p>\n<p>Fuente y Fotograf\u00eda Alcald\u00eda de Yopal<\/p>\n","protected":false},"excerpt":{"rendered":"<p>En busca de acercar los servicios de salud y bienestar a la comunidad, este s\u00e1bado 15 y domingo 16 de marzo, la Alcald\u00eda de Yopal realizar\u00e1 una Jornada de Apoyo al Desarrollo en el barrio La Esmeralda y zonas aleda\u00f1as. En este sentido, se invita a los habitantes de este sector para que participen activamente, [&hellip;]<\/p>\n","protected":false},"author":2,"featured_media":56810,"comment_status":"closed","ping_status":"closed","sticky":false,"template":"","format":"standard","meta":{"footnotes":""},"categories":[2,66,8492,8493,21615,2280,22976],"tags":[237,25892,8215,3,25890,23316,25893,357,4544,1003,1004,25891,22590,1008,238,41,16],"class_list":["post-56809","post","type-post","status-publish","format-standard","has-post-thumbnail","hentry","category-casanare","category-destacadas","category-noticias-casanare","category-noticias-de-casanare","category-radio-noticias-casanare","category-salud","category-yopal","tag-alcaldia-de-yopal","tag-atencion-especializada","tag-barrio-la-esmeralda","tag-casanare","tag-consultas-medicas","tag-desarrollo-social","tag-gratuita","tag-grupo-aereo-del-casanare","tag-jornada-de-apoyo-al-desarrollo","tag-odontologia","tag-optometria","tag-orientacion-profesional","tag-ortopedia","tag-psicologia","tag-radio-noticias-casanare","tag-salud","tag-yopal"],"_links":{"self":[{"href":"https:\/\/radionoticiascasanare.com\/inicio\/wp-json\/wp\/v2\/posts\/56809","targetHints":{"allow":["GET"]}}],"collection":[{"href":"https:\/\/radionoticiascasanare.com\/inicio\/wp-json\/wp\/v2\/posts"}],"about":[{"href":"https:\/\/radionoticiascasanare.com\/inicio\/wp-json\/wp\/v2\/types\/post"}],"author":[{"embeddable":true,"href":"https:\/\/radionoticiascasanare.com\/inicio\/wp-json\/wp\/v2\/users\/2"}],"replies":[{"embeddable":true,"href":"https:\/\/radionoticiascasanare.com\/inicio\/wp-json\/wp\/v2\/comments?post=56809"}],"version-history":[{"count":1,"href":"https:\/\/radionoticiascasanare.com\/inicio\/wp-json\/wp\/v2\/posts\/56809\/revisions"}],"predecessor-version":[{"id":56811,"href":"https:\/\/radionoticiascasanare.com\/inicio\/wp-json\/wp\/v2\/posts\/56809\/revisions\/56811"}],"wp:featuredmedia":[{"embeddable":true,"href":"https:\/\/radionoticiascasanare.com\/inicio\/wp-json\/wp\/v2\/media\/56810"}],"wp:attachment":[{"href":"https:\/\/radionoticiascasanare.com\/inicio\/wp-json\/wp\/v2\/media?parent=56809"}],"wp:term":[{"taxonomy":"category","embeddable":true,"href":"https:\/\/radionoticiascasanare.com\/inicio\/wp-json\/wp\/v2\/categories?post=56809"},{"taxonomy":"post_tag","embeddable":true,"href":"https:\/\/radionoticiascasanare.com\/inicio\/wp-json\/wp\/v2\/tags?post=56809"}],"curies":[{"name":"wp","href":"https:\/\/api.w.org\/{rel}","templated":true}]}}