{"id":56892,"date":"2025-03-18T00:09:31","date_gmt":"2025-03-18T05:09:31","guid":{"rendered":"https:\/\/radionoticiascasanare.com\/inicio\/?p=56892"},"modified":"2025-03-17T23:42:30","modified_gmt":"2025-03-18T04:42:30","slug":"jovenes-casanarenos-estaran-en-japon-gracias-a-su-innovacion-social-reconocida-en-el-programa-disena-el-cambio-de-la-fundacion-tepel","status":"publish","type":"post","link":"https:\/\/radionoticiascasanare.com\/inicio\/jovenes-casanarenos-estaran-en-japon-gracias-a-su-innovacion-social-reconocida-en-el-programa-disena-el-cambio-de-la-fundacion-tepel\/","title":{"rendered":"J\u00f3venes casanare\u00f1os estar\u00e1n en Jap\u00f3n gracias a su innovaci\u00f3n social reconocida en el Programa Dise\u00f1a el cambio de la Fundaci\u00f3n Tepel"},"content":{"rendered":"<p><img decoding=\"async\" class=\" wp-image-56930 alignleft\" src=\"https:\/\/radionoticiascasanare.com\/inicio\/wp-content\/uploads\/2025\/03\/WhatsApp-Image-2025-03-17-at-11.38.29-PM-300x161.jpeg\" alt=\"\" width=\"240\" height=\"129\" srcset=\"https:\/\/radionoticiascasanare.com\/inicio\/wp-content\/uploads\/2025\/03\/WhatsApp-Image-2025-03-17-at-11.38.29-PM-300x161.jpeg 300w, https:\/\/radionoticiascasanare.com\/inicio\/wp-content\/uploads\/2025\/03\/WhatsApp-Image-2025-03-17-at-11.38.29-PM.jpeg 487w\" sizes=\"(max-width: 240px) 100vw, 240px\" \/>Estudiantes de diferentes regiones del pa\u00eds participaron en 2024 con sus proyectos de innovaci\u00f3n social en el programa Dise\u00f1a el Cambio de la Fundaci\u00f3n Terpel.<\/p>\n<p>Uno de estos proyectos ser\u00e1 como el ganador y representar\u00e1 a Colombia en el evento Be The Change que se realizar\u00e1n en el mes de noviembre de 2025 en Jap\u00f3n, donde dar\u00e1n a conocer su proyecto.<\/p>\n<p>Dise\u00f1a el Cambio es un movimiento global originario de India, que a trav\u00e9s de la metodolog\u00eda <em>design thinking<\/em> empodera a ni\u00f1os, ni\u00f1as, j\u00f3venes a crear soluciones sostenibles que respondan a una problem\u00e1tica social dentro de su contexto y genere un impacto positivo en sus comunidades. En esta edici\u00f3n, en Colombia, se postularon <strong>131 proyectos de 103 instituciones educativas a nivel nacional<\/strong> de los cuales se seleccionaron cuatro finalistas que compitieron para ser la iniciativa que representar\u00e1 al pa\u00eds en Jap\u00f3n.<\/p>\n<p>La directora de la Fundaci\u00f3n Terpel, Marcela Montoya dijo <em>\u201cDesde la Fundaci\u00f3n Terpel siempre es un orgullo fomentar la empat\u00eda, el trabajo en equipo y la creatividad en ni\u00f1os y j\u00f3venes de todo el pa\u00eds, porque a trav\u00e9s del desarrollo de estas competencias, los estudiantes se convierten en agentes de cambio en sus comunidades. Los proyectos finalistas recibir\u00e1n acompa\u00f1amiento pedag\u00f3gico y recursos para su fortalecimiento, aumentando su impacto y convirti\u00e9ndolos en soluciones cada vez m\u00e1s accesibles para todos\u201d.<\/em><\/p>\n<p>Los proyectos finalistas provenientes de Bogot\u00e1, Santa Marta, Yopal y El Tambo (Cauca) se destacaron en los criterios de sostenibilidad, innovaci\u00f3n y creatividad. <em>Walked Vision, <\/em>de los estudiantes de Casanare fue el ganador, demostrando su aporte a la comunidad a trav\u00e9s de un bast\u00f3n inteligente con sensores que facilita la movilidad de personas con discapacidad visual. Esta iniciativa representa una soluci\u00f3n funcional, accesible y de bajo costo, y a su vez, genera conciencia sobre los retos que enfrentan las personas de esta poblaci\u00f3n.<\/p>\n<p>&#8220;<em>Nos sentimos muy felices al ganar este premio ya que no fue un trabajo f\u00e1cil. Saber que la Fundaci\u00f3n Terpel apoya este tipo de iniciativas estudiantiles nos alegra mucho. Esperamos que estos programas contin\u00faen por mucho tiempo y sigan impulsando a los j\u00f3venes como nosotros a so\u00f1ar en grande<\/em>\u201d coment\u00f3 Yoiner Stevin Prado, miembro del equipo ganador, <em>Walked Vision. <\/em><\/p>\n<p><strong><u>Proyectos finalistas<\/u><\/strong><\/p>\n<p><strong>ECOCONCIENCIA hacia el tesoro que vive bajo nuestros pies (Santa Marta, Magdalena)<\/strong><\/p>\n<p><strong><em>\u00a0<\/em><\/strong>Con el fin de aprovechar los residuos org\u00e1nicos y vegetales, un grupo de estudiantes implement\u00f3 la t\u00e9cnica de compostaje \u201cPaca biodigestora\u201d<em>,<\/em> capaz de procesar hasta 130 kg de residuos en tres meses sin mantenimiento. Esta propuesta contribuy\u00f3 a la creaci\u00f3n de la \u201cBiof\u00e1brica\u201d, un espacio dedicado a la producci\u00f3n de abono para nutrir la Huerta Escuela Tierra Viva. Adicional a esto, el proyecto aprovech\u00f3 el 90 % de los residuos generados en la escuela y recuper\u00f3 1.500 m\u00b2 de espacio bald\u00edo.<\/p>\n<ul>\n<li><strong>MUSB: App de ayuda y acompa\u00f1amiento para prevenci\u00f3n y atenci\u00f3n de violencia de g\u00e9nero (Bogot\u00e1)<\/strong><\/li>\n<\/ul>\n<p><strong><em>\u00a0<\/em><\/strong>Cuatro estudiantes de grado sexto y s\u00e9ptimo del Colegio Mayor Nuestros Primeros Maestros en Bogot\u00e1, ten\u00edan el prop\u00f3sito de prevenir y actuar ante la violencia de g\u00e9nero. Para dicho fin, se dise\u00f1\u00f3 un primer prototipo que ofrece informaci\u00f3n centralizada y l\u00edneas de apoyo esenciales para mujeres en situaciones de riesgo, garantizando acceso inmediato a ayuda en cualquier momento.<\/p>\n<ul>\n<li><strong>Sembradores de Sue\u00f1os (El Tambo, Cauca)<\/strong><\/li>\n<\/ul>\n<p><strong><em>\u00a0<\/em><\/strong>Para mejorar la gesti\u00f3n de residuos org\u00e1nicos e inorg\u00e1nicos en su comunidad, estudiantes del Centro Educativo El Zarzal, iniciaron una campa\u00f1a de sensibilizaci\u00f3n sobre la separaci\u00f3n de residuos en su escuela, extendiendo su conocimiento a la comunidad. Gracias a esta labor se implement\u00f3 una huerta escolar y se ha recogido aceite usado para su reutilizaci\u00f3n.<\/p>\n<ul>\n<li><strong>Walked Visi\u00f3n (Yopal, Casanare)<\/strong><\/li>\n<\/ul>\n<p><strong><em>\u00a0<\/em><\/strong>Tras la necesidad de aportar a la comunidad con discapacidad visual, un grupo de estudiantes desarroll\u00f3 un bast\u00f3n inteligente con sensores que facilitan la movilidad. Esta iniciativa se presenta como una alternativa accesible y de bajo costo. Este proyecto ofrece una soluci\u00f3n innovadora y funcional y, a su vez, genera conciencia sobre los retos que enfrentan las personas con discapacidad visual.<\/p>\n<p>Fuente Fundaci\u00f3n Terpel Foto Radio Noticias Casanare<\/p>\n","protected":false},"excerpt":{"rendered":"<p>Estudiantes de diferentes regiones del pa\u00eds participaron en 2024 con sus proyectos de innovaci\u00f3n social en el programa Dise\u00f1a el Cambio de la Fundaci\u00f3n Terpel. Uno de estos proyectos ser\u00e1 como el ganador y representar\u00e1 a Colombia en el evento Be The Change que se realizar\u00e1n en el mes de noviembre de 2025 en Jap\u00f3n, [&hellip;]<\/p>\n","protected":false},"author":2,"featured_media":56930,"comment_status":"closed","ping_status":"closed","sticky":false,"template":"","format":"standard","meta":{"footnotes":""},"categories":[2,66,6171,21618,21616,8492,8493,21615],"tags":[26079,15140,26084,26083,26085,26081,3,14454,20370,26080,238,26086,2306,26082],"class_list":["post-56892","post","type-post","status-publish","format-standard","has-post-thumbnail","hentry","category-casanare","category-destacadas","category-educacion","category-estudiantes","category-instituciones-educativas","category-noticias-casanare","category-noticias-de-casanare","category-radio-noticias-casanare","tag-ie-carlos-lleras-restrepo","tag-acompanamiento","tag-alternativa-accesible","tag-app-de-ayuda","tag-baston-inteligente","tag-be-the-change","tag-casanare","tag-discapacidad-visual","tag-fundacion-terpel","tag-programa-disena-el-cambio","tag-radio-noticias-casanare","tag-sensores","tag-social","tag-walked-vision"],"_links":{"self":[{"href":"https:\/\/radionoticiascasanare.com\/inicio\/wp-json\/wp\/v2\/posts\/56892","targetHints":{"allow":["GET"]}}],"collection":[{"href":"https:\/\/radionoticiascasanare.com\/inicio\/wp-json\/wp\/v2\/posts"}],"about":[{"href":"https:\/\/radionoticiascasanare.com\/inicio\/wp-json\/wp\/v2\/types\/post"}],"author":[{"embeddable":true,"href":"https:\/\/radionoticiascasanare.com\/inicio\/wp-json\/wp\/v2\/users\/2"}],"replies":[{"embeddable":true,"href":"https:\/\/radionoticiascasanare.com\/inicio\/wp-json\/wp\/v2\/comments?post=56892"}],"version-history":[{"count":1,"href":"https:\/\/radionoticiascasanare.com\/inicio\/wp-json\/wp\/v2\/posts\/56892\/revisions"}],"predecessor-version":[{"id":56931,"href":"https:\/\/radionoticiascasanare.com\/inicio\/wp-json\/wp\/v2\/posts\/56892\/revisions\/56931"}],"wp:featuredmedia":[{"embeddable":true,"href":"https:\/\/radionoticiascasanare.com\/inicio\/wp-json\/wp\/v2\/media\/56930"}],"wp:attachment":[{"href":"https:\/\/radionoticiascasanare.com\/inicio\/wp-json\/wp\/v2\/media?parent=56892"}],"wp:term":[{"taxonomy":"category","embeddable":true,"href":"https:\/\/radionoticiascasanare.com\/inicio\/wp-json\/wp\/v2\/categories?post=56892"},{"taxonomy":"post_tag","embeddable":true,"href":"https:\/\/radionoticiascasanare.com\/inicio\/wp-json\/wp\/v2\/tags?post=56892"}],"curies":[{"name":"wp","href":"https:\/\/api.w.org\/{rel}","templated":true}]}}