{"id":56903,"date":"2025-03-18T00:03:27","date_gmt":"2025-03-18T05:03:27","guid":{"rendered":"https:\/\/radionoticiascasanare.com\/inicio\/?p=56903"},"modified":"2025-03-17T21:45:44","modified_gmt":"2025-03-18T02:45:44","slug":"gobierno-departamental-socializa-proyecto-que-beneficiara-a-595-familias-en-arauca","status":"publish","type":"post","link":"https:\/\/radionoticiascasanare.com\/inicio\/gobierno-departamental-socializa-proyecto-que-beneficiara-a-595-familias-en-arauca\/","title":{"rendered":"Gobierno Departamental socializa proyecto que beneficiar\u00e1 a 595 familias en Arauca"},"content":{"rendered":"<p><img decoding=\"async\" class=\"alignleft wp-image-56904 size-medium\" src=\"https:\/\/radionoticiascasanare.com\/inicio\/wp-content\/uploads\/2025\/03\/WhatsApp-Image-2025-03-17-at-7.57.49-PM-e1742265759939-300x126.jpeg\" alt=\"\" width=\"300\" height=\"126\" srcset=\"https:\/\/radionoticiascasanare.com\/inicio\/wp-content\/uploads\/2025\/03\/WhatsApp-Image-2025-03-17-at-7.57.49-PM-e1742265759939-300x126.jpeg 300w, https:\/\/radionoticiascasanare.com\/inicio\/wp-content\/uploads\/2025\/03\/WhatsApp-Image-2025-03-17-at-7.57.49-PM-e1742265759939-1024x429.jpeg 1024w, https:\/\/radionoticiascasanare.com\/inicio\/wp-content\/uploads\/2025\/03\/WhatsApp-Image-2025-03-17-at-7.57.49-PM-e1742265759939-768x321.jpeg 768w, https:\/\/radionoticiascasanare.com\/inicio\/wp-content\/uploads\/2025\/03\/WhatsApp-Image-2025-03-17-at-7.57.49-PM-e1742265759939.jpeg 1080w\" sizes=\"(max-width: 300px) 100vw, 300px\" \/>Con el objetivo de fortalecer el desarrollo social y econ\u00f3mico en el Departamento, la Gobernaci\u00f3n de Arauca, a trav\u00e9s de la Secretar\u00eda de Desarrollo Social, inici\u00f3 la socializaci\u00f3n del proyecto &#8220;Fortalecimiento Socioempresarial a las Familias del Departamento&#8221;, el cual impactar\u00e1 a 595 familias con un enfoque comunitario y de generaci\u00f3n de ingresos.<\/p>\n<p>El gobernador Renson Mart\u00ednez destac\u00f3 la importancia de este programa para la transformaci\u00f3n social en la regi\u00f3n. \u201cLas familias son el motor del cambio. Por eso, desde la Gobernaci\u00f3n, estamos impulsando iniciativas que contribuyan a su bienestar y crecimiento econ\u00f3mico\u201d, afirm\u00f3 el mandatario.<\/p>\n<p>Los emprendedores ser\u00e1n fortalecidos con herramientas espec\u00edficas seg\u00fan su actividad productiva, abarcando sectores como peluquer\u00eda, restauraci\u00f3n y comida r\u00e1pida, sastrer\u00eda, alquiler de lavadoras, construcci\u00f3n, panader\u00eda, tiendas y minimercados, charcuter\u00eda, carpinter\u00eda, mec\u00e1nica, artesan\u00edas, soldadura y metalmec\u00e1nica, publicidad, as\u00ed como gestores culturales en danza, instrumentos y teatro, impulsando el crecimiento y sostenibilidad de sus negocios.<\/p>\n<p>Por su parte, la secretaria de Desarrollo Social, Mercedes Le\u00f3n, resalt\u00f3 que el proceso de socializaci\u00f3n se llevar\u00e1 a cabo en todos los municipios. \u201cQueremos que cada familia conozca esta gran oportunidad. Nuestro compromiso es realizar intervenciones responsables y con sentido social, promoviendo el desarrollo de un Arauca con mayores oportunidades\u201d, se\u00f1al\u00f3.<\/p>\n<p>El municipio de Arauquita fue el primero en recibir la socializaci\u00f3n del proyecto, beneficiando a 80 familias en esta fase inicial. En los pr\u00f3ximos d\u00edas, la estrategia continuar\u00e1 su recorrido por los dem\u00e1s municipios del departamento, consolidando este esfuerzo por mejorar la calidad de vida de las familias araucanas.<\/p>\n<p>Fuente y Fotograf\u00eda Gobernaci\u00f3n del Arauca<\/p>\n","protected":false},"excerpt":{"rendered":"<p>Con el objetivo de fortalecer el desarrollo social y econ\u00f3mico en el Departamento, la Gobernaci\u00f3n de Arauca, a trav\u00e9s de la Secretar\u00eda de Desarrollo Social, inici\u00f3 la socializaci\u00f3n del proyecto &#8220;Fortalecimiento Socioempresarial a las Familias del Departamento&#8221;, el cual impactar\u00e1 a 595 familias con un enfoque comunitario y de generaci\u00f3n de ingresos. El gobernador Renson [&hellip;]<\/p>\n","protected":false},"author":2,"featured_media":56904,"comment_status":"closed","ping_status":"closed","sticky":false,"template":"","format":"standard","meta":{"footnotes":""},"categories":[23148,66,21615],"tags":[26038,128,9826,26043,26042,26036,5557,23316,9520,1838,26035,26034,21643,18193,23152,14283,26041,26039,1006,10028,238,10242,26037,17705,26044,26040],"class_list":["post-56903","post","type-post","status-publish","format-standard","has-post-thumbnail","hentry","category-arauca","category-destacadas","category-radio-noticias-casanare","tag-alquiler-de-lavadoras","tag-arauca","tag-artesanias","tag-carpinteria","tag-charcuteria","tag-comida-rapida","tag-construccion","tag-desarrollo-social","tag-economico","tag-emprendedores","tag-enfoque-comunitario","tag-fortalecimiento-socioempresarial","tag-generacion-de-ingresos","tag-gobernacion-de-arauca","tag-gobernador-renson-martinez","tag-mecanica","tag-minimercados","tag-panaderia","tag-peluqueria","tag-publicidad","tag-radio-noticias-casanare","tag-restauracion","tag-sastreria","tag-secretaria-de-desarrollo-social","tag-soldadura-y-metalmecanica","tag-tiendas"],"_links":{"self":[{"href":"https:\/\/radionoticiascasanare.com\/inicio\/wp-json\/wp\/v2\/posts\/56903","targetHints":{"allow":["GET"]}}],"collection":[{"href":"https:\/\/radionoticiascasanare.com\/inicio\/wp-json\/wp\/v2\/posts"}],"about":[{"href":"https:\/\/radionoticiascasanare.com\/inicio\/wp-json\/wp\/v2\/types\/post"}],"author":[{"embeddable":true,"href":"https:\/\/radionoticiascasanare.com\/inicio\/wp-json\/wp\/v2\/users\/2"}],"replies":[{"embeddable":true,"href":"https:\/\/radionoticiascasanare.com\/inicio\/wp-json\/wp\/v2\/comments?post=56903"}],"version-history":[{"count":1,"href":"https:\/\/radionoticiascasanare.com\/inicio\/wp-json\/wp\/v2\/posts\/56903\/revisions"}],"predecessor-version":[{"id":56905,"href":"https:\/\/radionoticiascasanare.com\/inicio\/wp-json\/wp\/v2\/posts\/56903\/revisions\/56905"}],"wp:featuredmedia":[{"embeddable":true,"href":"https:\/\/radionoticiascasanare.com\/inicio\/wp-json\/wp\/v2\/media\/56904"}],"wp:attachment":[{"href":"https:\/\/radionoticiascasanare.com\/inicio\/wp-json\/wp\/v2\/media?parent=56903"}],"wp:term":[{"taxonomy":"category","embeddable":true,"href":"https:\/\/radionoticiascasanare.com\/inicio\/wp-json\/wp\/v2\/categories?post=56903"},{"taxonomy":"post_tag","embeddable":true,"href":"https:\/\/radionoticiascasanare.com\/inicio\/wp-json\/wp\/v2\/tags?post=56903"}],"curies":[{"name":"wp","href":"https:\/\/api.w.org\/{rel}","templated":true}]}}