{"id":57559,"date":"2025-05-16T06:04:59","date_gmt":"2025-05-16T11:04:59","guid":{"rendered":"https:\/\/radionoticiascasanare.com\/inicio\/?p=57559"},"modified":"2025-05-16T06:04:59","modified_gmt":"2025-05-16T11:04:59","slug":"futuro-del-ciclismo-de-casanare-mide-fuerzas-en-nacional-de-ruta-y-pista-en-huila","status":"publish","type":"post","link":"https:\/\/radionoticiascasanare.com\/inicio\/futuro-del-ciclismo-de-casanare-mide-fuerzas-en-nacional-de-ruta-y-pista-en-huila\/","title":{"rendered":"Futuro del ciclismo de Casanare mide fuerzas en Nacional de Ruta y Pista en Huila"},"content":{"rendered":"<p><img decoding=\"async\" class=\" wp-image-57560 alignleft\" src=\"https:\/\/radionoticiascasanare.com\/inicio\/wp-content\/uploads\/2025\/05\/WhatsApp-Image-2025-05-16-at-5.55.51-AM-300x205.jpeg\" alt=\"\" width=\"230\" height=\"157\" srcset=\"https:\/\/radionoticiascasanare.com\/inicio\/wp-content\/uploads\/2025\/05\/WhatsApp-Image-2025-05-16-at-5.55.51-AM-300x205.jpeg 300w, https:\/\/radionoticiascasanare.com\/inicio\/wp-content\/uploads\/2025\/05\/WhatsApp-Image-2025-05-16-at-5.55.51-AM-1024x701.jpeg 1024w, https:\/\/radionoticiascasanare.com\/inicio\/wp-content\/uploads\/2025\/05\/WhatsApp-Image-2025-05-16-at-5.55.51-AM-768x526.jpeg 768w, https:\/\/radionoticiascasanare.com\/inicio\/wp-content\/uploads\/2025\/05\/WhatsApp-Image-2025-05-16-at-5.55.51-AM-1536x1051.jpeg 1536w, https:\/\/radionoticiascasanare.com\/inicio\/wp-content\/uploads\/2025\/05\/WhatsApp-Image-2025-05-16-at-5.55.51-AM.jpeg 1600w\" sizes=\"(max-width: 230px) 100vw, 230px\" \/>La Selecci\u00f3n de Casanare de Ciclismo Prejuvenil y Juvenil conformado por 16 atletas, est\u00e1 lista para iniciar este viernes 16 de mayo el Campeonato Nacional de Ruta y Pista, que cumplir\u00e1 agenda en Pitalito, Huila, hasta el pr\u00f3ximo jueves 22 del mismo mes.<\/p>\n<p>Seg\u00fan la Federaci\u00f3n Colombiana de Ciclismo, habr\u00e1 m\u00e1s de 500 deportistas de 25 ligas y 38 equipos de todo el pa\u00eds, que competir\u00e1n en el Vel\u00f3dromo de la Villa Ol\u00edmpica y en las calles de la mencionada ciudad.<\/p>\n<p>Es importante se\u00f1alar que la delegaci\u00f3n departamental, cuenta con el apoyo de la gobernaci\u00f3n de Casanare. Este evento es una oportunidad para que los j\u00f3venes ciclistas del pa\u00eds muestren su talento y habilidades en una competencia de alto nivel.<\/p>\n<p>Como estaba programado, este jueves 15, se realiz\u00f3 en el auditorio del Instituto de Cultura, Recreaci\u00f3n y Deporte de Pitalito, el congresillo t\u00e9cnico, donde hubo presencia del presidente de liga de Casanare, Oscar Eduardo Arciniegas Chac\u00f3n y el entrenador departamental, Iv\u00e1n Andr\u00e9s Malpica Pregonero.<\/p>\n<p>La delegaci\u00f3n de Casanare es la siguiente:<br \/>\nHombres juvenil<\/p>\n<p>Jos\u00e9 Santiago Silva Ram\u00edrez, Fredy Adri\u00e1n Su\u00e1rez Rivero, Cristian Andrey Quibay Garc\u00eda, Cesar Juli\u00e1n Malpica Cachay, Miller Alexander Hurtado Mart\u00ednez y David Santiago Carmona Barrera.<br \/>\nPrejuvenil<br \/>\nDavid Felipe Pan Bonilla, Carlos Andr\u00e9s Pi\u00f1eros Sotelo, Nicolas Andr\u00e9s Castro L\u00f3pez y Sebasti\u00e1n Camilo Burgos Lozano.<br \/>\nMujeres juvenil<br \/>\nMar\u00eda Paula Rodr\u00edguez Supanteve, Karol Ivonne Velandia Carvajal y Danna Valentina Mart\u00ednez Mahecha.<br \/>\nPrejuvenil<br \/>\nDanna Nicol P\u00e1ez Ca\u00f1izalez, Laura Vanesa Bacca D\u00edaz y Mar\u00eda Jos\u00e9 Pinto Cervera.<\/p>\n<p>Seg\u00fan el orden de partida de la CRI de 15.4 kil\u00f3metros Prejuvenil Damas, la primera casanare\u00f1a en salir ser\u00e1, Mar\u00eda Jos\u00e9 Pinto Cervera a las 8:01 a.m. Mientras la categor\u00eda Juvenil, tendr\u00e1 18.4 km de recorrido. El resto del cuerpo t\u00e9cnico lo conforma el entrenador Ozman Rivera, el mec\u00e1nico Fabi\u00e1n Gait\u00e1n y el masajista Gustavo Guzm\u00e1n.<\/p>\n","protected":false},"excerpt":{"rendered":"<p>La Selecci\u00f3n de Casanare de Ciclismo Prejuvenil y Juvenil conformado por 16 atletas, est\u00e1 lista para iniciar este viernes 16 de mayo el Campeonato Nacional de Ruta y Pista, que cumplir\u00e1 agenda en Pitalito, Huila, hasta el pr\u00f3ximo jueves 22 del mismo mes. Seg\u00fan la Federaci\u00f3n Colombiana de Ciclismo, habr\u00e1 m\u00e1s de 500 deportistas de [&hellip;]<\/p>\n","protected":false},"author":2,"featured_media":57560,"comment_status":"closed","ping_status":"closed","sticky":false,"template":"","format":"standard","meta":{"footnotes":""},"categories":[2,56,66,8492,8493,21615],"tags":[],"class_list":["post-57559","post","type-post","status-publish","format-standard","has-post-thumbnail","hentry","category-casanare","category-deportes","category-destacadas","category-noticias-casanare","category-noticias-de-casanare","category-radio-noticias-casanare"],"_links":{"self":[{"href":"https:\/\/radionoticiascasanare.com\/inicio\/wp-json\/wp\/v2\/posts\/57559","targetHints":{"allow":["GET"]}}],"collection":[{"href":"https:\/\/radionoticiascasanare.com\/inicio\/wp-json\/wp\/v2\/posts"}],"about":[{"href":"https:\/\/radionoticiascasanare.com\/inicio\/wp-json\/wp\/v2\/types\/post"}],"author":[{"embeddable":true,"href":"https:\/\/radionoticiascasanare.com\/inicio\/wp-json\/wp\/v2\/users\/2"}],"replies":[{"embeddable":true,"href":"https:\/\/radionoticiascasanare.com\/inicio\/wp-json\/wp\/v2\/comments?post=57559"}],"version-history":[{"count":1,"href":"https:\/\/radionoticiascasanare.com\/inicio\/wp-json\/wp\/v2\/posts\/57559\/revisions"}],"predecessor-version":[{"id":57561,"href":"https:\/\/radionoticiascasanare.com\/inicio\/wp-json\/wp\/v2\/posts\/57559\/revisions\/57561"}],"wp:featuredmedia":[{"embeddable":true,"href":"https:\/\/radionoticiascasanare.com\/inicio\/wp-json\/wp\/v2\/media\/57560"}],"wp:attachment":[{"href":"https:\/\/radionoticiascasanare.com\/inicio\/wp-json\/wp\/v2\/media?parent=57559"}],"wp:term":[{"taxonomy":"category","embeddable":true,"href":"https:\/\/radionoticiascasanare.com\/inicio\/wp-json\/wp\/v2\/categories?post=57559"},{"taxonomy":"post_tag","embeddable":true,"href":"https:\/\/radionoticiascasanare.com\/inicio\/wp-json\/wp\/v2\/tags?post=57559"}],"curies":[{"name":"wp","href":"https:\/\/api.w.org\/{rel}","templated":true}]}}