{"id":57565,"date":"2025-05-19T08:46:11","date_gmt":"2025-05-19T13:46:11","guid":{"rendered":"https:\/\/radionoticiascasanare.com\/inicio\/?p=57565"},"modified":"2025-05-19T08:46:11","modified_gmt":"2025-05-19T13:46:11","slug":"este-lunes-se-realiza-ciclo-de-pagos-de-colombia-mayor","status":"publish","type":"post","link":"https:\/\/radionoticiascasanare.com\/inicio\/este-lunes-se-realiza-ciclo-de-pagos-de-colombia-mayor\/","title":{"rendered":"Este lunes se realiza ciclo de pagos de Colombia Mayor"},"content":{"rendered":"<p><img decoding=\"async\" class=\"wp-image-57566  alignleft\" src=\"https:\/\/radionoticiascasanare.com\/inicio\/wp-content\/uploads\/2025\/05\/WhatsApp-Image-2025-05-19-at-7.39.04-AM-e1747661366413-300x172.jpeg\" alt=\"\" width=\"222\" height=\"127\" srcset=\"https:\/\/radionoticiascasanare.com\/inicio\/wp-content\/uploads\/2025\/05\/WhatsApp-Image-2025-05-19-at-7.39.04-AM-e1747661366413-300x172.jpeg 300w, https:\/\/radionoticiascasanare.com\/inicio\/wp-content\/uploads\/2025\/05\/WhatsApp-Image-2025-05-19-at-7.39.04-AM-e1747661366413-1024x587.jpeg 1024w, https:\/\/radionoticiascasanare.com\/inicio\/wp-content\/uploads\/2025\/05\/WhatsApp-Image-2025-05-19-at-7.39.04-AM-e1747661366413-768x440.jpeg 768w, https:\/\/radionoticiascasanare.com\/inicio\/wp-content\/uploads\/2025\/05\/WhatsApp-Image-2025-05-19-at-7.39.04-AM-e1747661366413-1536x880.jpeg 1536w, https:\/\/radionoticiascasanare.com\/inicio\/wp-content\/uploads\/2025\/05\/WhatsApp-Image-2025-05-19-at-7.39.04-AM-e1747661366413.jpeg 1600w\" sizes=\"(max-width: 222px) 100vw, 222px\" \/>Prosperidad Social informa que los pagos del ciclo actual del programa Colombia Mayor se extender\u00e1n un d\u00eda m\u00e1s.<\/p>\n<p>Inicialmente programados hasta el 19 de mayo, ahora podr\u00e1n reclamarse hasta el 20 de mayo.<\/p>\n<p>Esta ampliaci\u00f3n tiene como objetivo brindar m\u00e1s tiempo y comodidad a nuestros adultos mayores para que puedan reclamar su incentivo sin contratiempos.<\/p>\n<p>Invitan a todos los beneficiarios a acercarse a su punto de pago autorizado y realizar el cobro dentro del nuevo plazo establecido.<\/p>\n<p>A la fecha, 1.387.558 adultos mayores han retirado su incentivo, lo que representa el 82% del total de beneficiarios.\u201d<\/p>\n<p>Para m\u00e1s informaci\u00f3n, consulta los canales oficiales de Prosperidad Social.<\/p>\n<p>Fuente y Fotograf\u00eda Prosperidad<\/p>\n<p>&nbsp;<\/p>\n","protected":false},"excerpt":{"rendered":"<p>Prosperidad Social informa que los pagos del ciclo actual del programa Colombia Mayor se extender\u00e1n un d\u00eda m\u00e1s. Inicialmente programados hasta el 19 de mayo, ahora podr\u00e1n reclamarse hasta el 20 de mayo. Esta ampliaci\u00f3n tiene como objetivo brindar m\u00e1s tiempo y comodidad a nuestros adultos mayores para que puedan reclamar su incentivo sin contratiempos. [&hellip;]<\/p>\n","protected":false},"author":2,"featured_media":57566,"comment_status":"closed","ping_status":"closed","sticky":false,"template":"","format":"standard","meta":{"footnotes":""},"categories":[66,168,51,21615],"tags":[23421,27048,1875,238],"class_list":["post-57565","post","type-post","status-publish","format-standard","has-post-thumbnail","hentry","category-destacadas","category-generales","category-nacional","category-radio-noticias-casanare","tag-noticias","tag-programa-colombia-mayor","tag-prosperidad-social","tag-radio-noticias-casanare"],"_links":{"self":[{"href":"https:\/\/radionoticiascasanare.com\/inicio\/wp-json\/wp\/v2\/posts\/57565","targetHints":{"allow":["GET"]}}],"collection":[{"href":"https:\/\/radionoticiascasanare.com\/inicio\/wp-json\/wp\/v2\/posts"}],"about":[{"href":"https:\/\/radionoticiascasanare.com\/inicio\/wp-json\/wp\/v2\/types\/post"}],"author":[{"embeddable":true,"href":"https:\/\/radionoticiascasanare.com\/inicio\/wp-json\/wp\/v2\/users\/2"}],"replies":[{"embeddable":true,"href":"https:\/\/radionoticiascasanare.com\/inicio\/wp-json\/wp\/v2\/comments?post=57565"}],"version-history":[{"count":1,"href":"https:\/\/radionoticiascasanare.com\/inicio\/wp-json\/wp\/v2\/posts\/57565\/revisions"}],"predecessor-version":[{"id":57567,"href":"https:\/\/radionoticiascasanare.com\/inicio\/wp-json\/wp\/v2\/posts\/57565\/revisions\/57567"}],"wp:featuredmedia":[{"embeddable":true,"href":"https:\/\/radionoticiascasanare.com\/inicio\/wp-json\/wp\/v2\/media\/57566"}],"wp:attachment":[{"href":"https:\/\/radionoticiascasanare.com\/inicio\/wp-json\/wp\/v2\/media?parent=57565"}],"wp:term":[{"taxonomy":"category","embeddable":true,"href":"https:\/\/radionoticiascasanare.com\/inicio\/wp-json\/wp\/v2\/categories?post=57565"},{"taxonomy":"post_tag","embeddable":true,"href":"https:\/\/radionoticiascasanare.com\/inicio\/wp-json\/wp\/v2\/tags?post=57565"}],"curies":[{"name":"wp","href":"https:\/\/api.w.org\/{rel}","templated":true}]}}