{"id":5784,"date":"2016-07-13T06:36:13","date_gmt":"2016-07-13T06:36:13","guid":{"rendered":"http:\/\/radionoticiascasanare.com\/inicio\/?p=5784"},"modified":"2016-07-13T06:36:13","modified_gmt":"2016-07-13T06:36:13","slug":"5784-2","status":"publish","type":"post","link":"https:\/\/radionoticiascasanare.com\/inicio\/5784-2\/","title":{"rendered":"Secretar\u00eda de Obras de Yopal reconoci\u00f3 que la malla vial de la ciudad es precaria"},"content":{"rendered":"<p>A Pesar de contar con varios frentes de trabajo en los sectores rural y urbano, la fuerza del invierno ha retrasado el cronograma de las acciones que tiene prevista la Secretaria de Obras de Yopal.<\/p>\n<p>En lo referente a la pavimentaci\u00f3n y reparcheo de las calles de la capital revel\u00f3 el titular de la Cartera de Obras, Mauricio Alexander Torres que se adelanta la compra de un material asfaltico en fr\u00edo americano, que permite su uso en v\u00edas h\u00famedas y aplicaci\u00f3n en d\u00edas de poco sol.<\/p>\n<p>La malla vial del municipio es muy precaria por lo que se tiene prevista intervenir corredores viales de mayor tr\u00e1fico para mitigar la problem\u00e1tica que se registra a diario en la capital a trav\u00e9s de las quejas que hacen los habitantes de la capital.<\/p>\n<p>Los beneficiarios del proyecto de Vivienda Torres de San Marcos podr\u00e1n estar seguros que la Administracui\u00f3n local, a trav\u00e9s de su despacho viene realizando un mantenimiento con colaboraci\u00f3n de la Gobernaci\u00f3n de Casanare, y confi\u00f3 en que se den por\u00a0terminadas las labores en tres semanas.<\/p>\n<p>El estado de la malla vial de la capital est\u00e1 en deterioro debido a la falta de mantenimiento, raz\u00f3n por la cual se est\u00e1n gestionando los recursos para el reemplazo de la capa asf\u00e1ltica, iniciado con la zona centro.<\/p>\n<p>Sobre la via al Morro se\u00f1al\u00f3 que es una via que le compete directamente a la Admisnbtracion Departamental, por lo que se har\u00e1 un diagn\u00f3stico y se entregar\u00e1.<\/p>\n<p>Fuentes y Fotograf\u00eda Diputado Dienas y Dig<\/p>\n","protected":false},"excerpt":{"rendered":"<p>A Pesar de contar con varios frentes de trabajo en los sectores rural y urbano, la fuerza del invierno ha retrasado el cronograma de las acciones que tiene prevista la Secretaria de Obras de Yopal. En lo referente a la pavimentaci\u00f3n y reparcheo de las calles de la capital revel\u00f3 el titular de la Cartera [&hellip;]<\/p>\n","protected":false},"author":1,"featured_media":0,"comment_status":"closed","ping_status":"closed","sticky":false,"template":"","format":"standard","meta":{"footnotes":""},"categories":[2],"tags":[3,1324,1850,238,1851,1852,1853,411],"class_list":["post-5784","post","type-post","status-publish","format-standard","hentry","category-casanare","tag-casanare","tag-malla-vial","tag-pavimento-en-frio","tag-radio-noticias-casanare","tag-rural","tag-secretaria-de-obras-de-yopal","tag-urbano","tag-vias"],"_links":{"self":[{"href":"https:\/\/radionoticiascasanare.com\/inicio\/wp-json\/wp\/v2\/posts\/5784","targetHints":{"allow":["GET"]}}],"collection":[{"href":"https:\/\/radionoticiascasanare.com\/inicio\/wp-json\/wp\/v2\/posts"}],"about":[{"href":"https:\/\/radionoticiascasanare.com\/inicio\/wp-json\/wp\/v2\/types\/post"}],"author":[{"embeddable":true,"href":"https:\/\/radionoticiascasanare.com\/inicio\/wp-json\/wp\/v2\/users\/1"}],"replies":[{"embeddable":true,"href":"https:\/\/radionoticiascasanare.com\/inicio\/wp-json\/wp\/v2\/comments?post=5784"}],"version-history":[{"count":0,"href":"https:\/\/radionoticiascasanare.com\/inicio\/wp-json\/wp\/v2\/posts\/5784\/revisions"}],"wp:attachment":[{"href":"https:\/\/radionoticiascasanare.com\/inicio\/wp-json\/wp\/v2\/media?parent=5784"}],"wp:term":[{"taxonomy":"category","embeddable":true,"href":"https:\/\/radionoticiascasanare.com\/inicio\/wp-json\/wp\/v2\/categories?post=5784"},{"taxonomy":"post_tag","embeddable":true,"href":"https:\/\/radionoticiascasanare.com\/inicio\/wp-json\/wp\/v2\/tags?post=5784"}],"curies":[{"name":"wp","href":"https:\/\/api.w.org\/{rel}","templated":true}]}}