{"id":58114,"date":"2025-06-24T00:07:33","date_gmt":"2025-06-24T05:07:33","guid":{"rendered":"https:\/\/radionoticiascasanare.com\/inicio\/?p=58114"},"modified":"2025-06-23T23:27:22","modified_gmt":"2025-06-24T04:27:22","slug":"el-hospital-itinerante-de-zorro-llega-a-aguazul","status":"publish","type":"post","link":"https:\/\/radionoticiascasanare.com\/inicio\/el-hospital-itinerante-de-zorro-llega-a-aguazul\/","title":{"rendered":"El Hospital Itinerante de Zorro llega a Aguazul"},"content":{"rendered":"<p><img decoding=\"async\" class=\" wp-image-58115 alignleft\" src=\"https:\/\/radionoticiascasanare.com\/inicio\/wp-content\/uploads\/2025\/06\/WhatsApp-Image-2025-06-23-at-10.55.02-PM-281x300.jpeg\" alt=\"\" width=\"178\" height=\"190\" srcset=\"https:\/\/radionoticiascasanare.com\/inicio\/wp-content\/uploads\/2025\/06\/WhatsApp-Image-2025-06-23-at-10.55.02-PM-281x300.jpeg 281w, https:\/\/radionoticiascasanare.com\/inicio\/wp-content\/uploads\/2025\/06\/WhatsApp-Image-2025-06-23-at-10.55.02-PM-957x1024.jpeg 957w, https:\/\/radionoticiascasanare.com\/inicio\/wp-content\/uploads\/2025\/06\/WhatsApp-Image-2025-06-23-at-10.55.02-PM-768x821.jpeg 768w, https:\/\/radionoticiascasanare.com\/inicio\/wp-content\/uploads\/2025\/06\/WhatsApp-Image-2025-06-23-at-10.55.02-PM-1436x1536.jpeg 1436w, https:\/\/radionoticiascasanare.com\/inicio\/wp-content\/uploads\/2025\/06\/WhatsApp-Image-2025-06-23-at-10.55.02-PM.jpeg 1496w\" sizes=\"(max-width: 178px) 100vw, 178px\" \/>La Gobernaci\u00f3n de Casanare, a trav\u00e9s de la Secretar\u00eda de Salud Departamental, invita a la comunidad de Aguazul a participar en las jornadas de atenci\u00f3n que ofrecer\u00e1 el Hospital Itinerante, una estrategia que sigue recorriendo los municipios para acercar los servicios de salud a los territorios y brindar atenci\u00f3n integral a la poblaci\u00f3n campesina y rural.<\/p>\n<p>Este viernes 27 de junio el Hospital Itinerante llegar\u00e1 al casco urbano de Aguazul, donde, entre las 8:00 de la ma\u00f1ana y las 4:00 de la tarde, se ofrecer\u00e1n consultas especializadas a cargo del Hospital Juan Hernando Urrego, as\u00ed como procedimientos quir\u00fargicos menores y actividades de educaci\u00f3n en salud a cargo del Hospital Regional de la Orinoqu\u00eda.<\/p>\n<p>La jornada se extender\u00e1 el s\u00e1bado 28 de junio en el centro poblado San Jos\u00e9 del Bubuy, en el mismo horario, con la prestaci\u00f3n de consultas especializadas y acciones de educaci\u00f3n en salud dirigidas a la comunidad.<\/p>\n<p>Estas actividades hacen parte del compromiso del gobernador Zorro de acercar los servicios de salud a los territorios y brindar atenci\u00f3n integral a los casanare\u00f1os.<\/p>\n<p>Fuente y Fotograf\u00eda Gobernaci\u00f3n de Casanare<\/p>\n<p>&nbsp;<\/p>\n","protected":false},"excerpt":{"rendered":"<p>La Gobernaci\u00f3n de Casanare, a trav\u00e9s de la Secretar\u00eda de Salud Departamental, invita a la comunidad de Aguazul a participar en las jornadas de atenci\u00f3n que ofrecer\u00e1 el Hospital Itinerante, una estrategia que sigue recorriendo los municipios para acercar los servicios de salud a los territorios y brindar atenci\u00f3n integral a la poblaci\u00f3n campesina y [&hellip;]<\/p>\n","protected":false},"author":2,"featured_media":58115,"comment_status":"closed","ping_status":"closed","sticky":false,"template":"","format":"standard","meta":{"footnotes":""},"categories":[23168,2,66,8492,8493,21615,2280],"tags":[239,27626,332,21100,592,5944,17173,2772,552,27625],"class_list":["post-58114","post","type-post","status-publish","format-standard","has-post-thumbnail","hentry","category-aguazul","category-casanare","category-destacadas","category-noticias-casanare","category-noticias-de-casanare","category-radio-noticias-casanare","category-salud","tag-aguazul","tag-consultas-especializadas","tag-gobernacion-de-casanare","tag-hospital-itinerante","tag-hospital-juan-hernando-urrego","tag-hospital-regional-de-la-orinoquia","tag-jornadas-de-atencion","tag-san-jose-del-bubuy","tag-secretaria-de-salud-departamental","tag-servicios-de-salud-a-los-territorios"],"_links":{"self":[{"href":"https:\/\/radionoticiascasanare.com\/inicio\/wp-json\/wp\/v2\/posts\/58114","targetHints":{"allow":["GET"]}}],"collection":[{"href":"https:\/\/radionoticiascasanare.com\/inicio\/wp-json\/wp\/v2\/posts"}],"about":[{"href":"https:\/\/radionoticiascasanare.com\/inicio\/wp-json\/wp\/v2\/types\/post"}],"author":[{"embeddable":true,"href":"https:\/\/radionoticiascasanare.com\/inicio\/wp-json\/wp\/v2\/users\/2"}],"replies":[{"embeddable":true,"href":"https:\/\/radionoticiascasanare.com\/inicio\/wp-json\/wp\/v2\/comments?post=58114"}],"version-history":[{"count":1,"href":"https:\/\/radionoticiascasanare.com\/inicio\/wp-json\/wp\/v2\/posts\/58114\/revisions"}],"predecessor-version":[{"id":58116,"href":"https:\/\/radionoticiascasanare.com\/inicio\/wp-json\/wp\/v2\/posts\/58114\/revisions\/58116"}],"wp:featuredmedia":[{"embeddable":true,"href":"https:\/\/radionoticiascasanare.com\/inicio\/wp-json\/wp\/v2\/media\/58115"}],"wp:attachment":[{"href":"https:\/\/radionoticiascasanare.com\/inicio\/wp-json\/wp\/v2\/media?parent=58114"}],"wp:term":[{"taxonomy":"category","embeddable":true,"href":"https:\/\/radionoticiascasanare.com\/inicio\/wp-json\/wp\/v2\/categories?post=58114"},{"taxonomy":"post_tag","embeddable":true,"href":"https:\/\/radionoticiascasanare.com\/inicio\/wp-json\/wp\/v2\/tags?post=58114"}],"curies":[{"name":"wp","href":"https:\/\/api.w.org\/{rel}","templated":true}]}}