{"id":58213,"date":"2025-06-28T00:01:50","date_gmt":"2025-06-28T05:01:50","guid":{"rendered":"https:\/\/radionoticiascasanare.com\/inicio\/?p=58213"},"modified":"2025-06-27T22:59:24","modified_gmt":"2025-06-28T03:59:24","slug":"alcalde-nelson-camacho-lanza-la-estrategia-la-fuerza-del-progreso-en-salud-para-fortalecer-la-atencion-en-zonas-rurales","status":"publish","type":"post","link":"https:\/\/radionoticiascasanare.com\/inicio\/alcalde-nelson-camacho-lanza-la-estrategia-la-fuerza-del-progreso-en-salud-para-fortalecer-la-atencion-en-zonas-rurales\/","title":{"rendered":"Alcalde Nelson Camacho lanza la estrategia \u201cLa Fuerza del Progreso en Salud\u201d para fortalecer la atenci\u00f3n en zonas rurales"},"content":{"rendered":"<p><img decoding=\"async\" class=\" wp-image-58214 alignleft\" src=\"https:\/\/radionoticiascasanare.com\/inicio\/wp-content\/uploads\/2025\/06\/WhatsApp-Image-2025-06-26-at-10.54.16-AM-300x300.jpeg\" alt=\"\" width=\"204\" height=\"204\" srcset=\"https:\/\/radionoticiascasanare.com\/inicio\/wp-content\/uploads\/2025\/06\/WhatsApp-Image-2025-06-26-at-10.54.16-AM-300x300.jpeg 300w, https:\/\/radionoticiascasanare.com\/inicio\/wp-content\/uploads\/2025\/06\/WhatsApp-Image-2025-06-26-at-10.54.16-AM-1024x1024.jpeg 1024w, https:\/\/radionoticiascasanare.com\/inicio\/wp-content\/uploads\/2025\/06\/WhatsApp-Image-2025-06-26-at-10.54.16-AM-150x150.jpeg 150w, https:\/\/radionoticiascasanare.com\/inicio\/wp-content\/uploads\/2025\/06\/WhatsApp-Image-2025-06-26-at-10.54.16-AM-768x768.jpeg 768w, https:\/\/radionoticiascasanare.com\/inicio\/wp-content\/uploads\/2025\/06\/WhatsApp-Image-2025-06-26-at-10.54.16-AM-1536x1536.jpeg 1536w, https:\/\/radionoticiascasanare.com\/inicio\/wp-content\/uploads\/2025\/06\/WhatsApp-Image-2025-06-26-at-10.54.16-AM.jpeg 1600w\" sizes=\"(max-width: 204px) 100vw, 204px\" \/>El alcalde Nelson Camacho presentar\u00e1 su estrategia \u201cLa Fuerza del Progreso en Salud\u201d, una iniciativa que busca llevar servicios de salud primarios y especializados a las comunidades rurales, garantizando un acceso equitativo y oportuno.<\/p>\n<p>El lanzamiento oficial se realizar\u00e1 el s\u00e1bado 28 de junio de 2025, con una gran jornada de atenci\u00f3n que tendr\u00e1 lugar en el Sal\u00f3n Comunal de San Jos\u00e9 del Bubuy, desde las 8:00 a.\u202fm. hasta las 4:00 p.\u202fm.<\/p>\n<p>La secretaria de Salud y Gesti\u00f3n Social, Fabiola Torres Ni\u00f1o, anunci\u00f3 que durante el evento, los asistentes podr\u00e1n acceder a una amplia oferta de servicios gratuitos en medicina General, odontolog\u00eda, psicolog\u00eda, higiene oral, nutrici\u00f3n, promoci\u00f3n y prevenci\u00f3n, vacunaci\u00f3n, terapia f\u00edsica, terapia respiratoria, ginecolog\u00eda y pediatr\u00eda.<\/p>\n<p>Adem\u00e1s, se brindar\u00e1 agendamiento prioritario para especialidades en el Hospital Juan Hernando Urrego de aguazul, con citas programadas para julio en Ortopedia, Ginecolog\u00eda y pediatr\u00eda. Asimismo el hospital Regional de la Orinoquia- HORO, prestar\u00e1 servicios de atenci\u00f3n de primer nivel, educaci\u00f3n mental, nutrici\u00f3n, salud oral, tamizaje para Chagas, s\u00edfilis y VIH.<\/p>\n<p>La jornada contar\u00e1 con el respaldo de la red de servicios de las EPS: Capresoca, Sanitas y Nueva EPS, adem\u00e1s de un servicio de farmacia habilitado para la reclamaci\u00f3n de medicamentos, garantizando as\u00ed una atenci\u00f3n integral a los asistentes.<br \/>\nDurante la jornada, diversas entidades estar\u00e1n presentes para ofrecer informaci\u00f3n y servicios en \u00e1reas clave como: Renta Ciudadana, Discapacidad, Adulto Mayor, Mujer, Infancia, Registradur\u00eda, Prosperidad Social, Secretar\u00eda de Gobierno, Secretar\u00eda de Educaci\u00f3n, Secretar\u00eda de Desarrollo Econ\u00f3mico, Polic\u00eda Nacional y Ej\u00e9rcito.<\/p>\n<p>Esta brigada representa una oportunidad para que la comunidad acceda a servicios esenciales de salud y bienestar, promoviendo el desarrollo y la calidad de vida de los habitantes de zona rural.<\/p>\n<p>Fuente y Fotograf\u00eda Alcald\u00eda de Aguazul<\/p>\n","protected":false},"excerpt":{"rendered":"<p>El alcalde Nelson Camacho presentar\u00e1 su estrategia \u201cLa Fuerza del Progreso en Salud\u201d, una iniciativa que busca llevar servicios de salud primarios y especializados a las comunidades rurales, garantizando un acceso equitativo y oportuno. El lanzamiento oficial se realizar\u00e1 el s\u00e1bado 28 de junio de 2025, con una gran jornada de atenci\u00f3n que tendr\u00e1 lugar [&hellip;]<\/p>\n","protected":false},"author":2,"featured_media":58214,"comment_status":"closed","ping_status":"closed","sticky":false,"template":"","format":"standard","meta":{"footnotes":""},"categories":[23168,66,8492,8493,21615,2280],"tags":[21573,23648,27762,18039,998,8044,27376,27757,1000,492,1386,1003,1005,27761,8048,23141,1008,27764,11362,2772,14505,27759,27758,27763,27760,11910,1010,1345],"class_list":["post-58213","post","type-post","status-publish","format-standard","has-post-thumbnail","hentry","category-aguazul","category-destacadas","category-noticias-casanare","category-noticias-de-casanare","category-radio-noticias-casanare","category-salud","tag-alcalde-nelson-camacho","tag-comunidades-rurales","tag-educacion-mental","tag-fabiola-torres-nino","tag-ginecologia","tag-higiene-oral","tag-hospital-regional-de-la-orinoquia-de-yopal","tag-la-fuerza-del-progreso-en-salud","tag-medicina-general","tag-nueva-eps","tag-nutricion","tag-odontologia","tag-pediatria","tag-primer-nivel","tag-promocion-y-prevencion","tag-pruebas-de-sifilis","tag-psicologia","tag-red-de-servicios-de-las-eps-capresoca","tag-salud-oral","tag-san-jose-del-bubuy","tag-sanitas","tag-secretaria-de-salud-y-gestion-social","tag-servicios-de-salud-primarios","tag-tamizaje-para-chagas","tag-terapia-fisica","tag-terapia-respiratoria","tag-vacunacion","tag-vih"],"_links":{"self":[{"href":"https:\/\/radionoticiascasanare.com\/inicio\/wp-json\/wp\/v2\/posts\/58213","targetHints":{"allow":["GET"]}}],"collection":[{"href":"https:\/\/radionoticiascasanare.com\/inicio\/wp-json\/wp\/v2\/posts"}],"about":[{"href":"https:\/\/radionoticiascasanare.com\/inicio\/wp-json\/wp\/v2\/types\/post"}],"author":[{"embeddable":true,"href":"https:\/\/radionoticiascasanare.com\/inicio\/wp-json\/wp\/v2\/users\/2"}],"replies":[{"embeddable":true,"href":"https:\/\/radionoticiascasanare.com\/inicio\/wp-json\/wp\/v2\/comments?post=58213"}],"version-history":[{"count":1,"href":"https:\/\/radionoticiascasanare.com\/inicio\/wp-json\/wp\/v2\/posts\/58213\/revisions"}],"predecessor-version":[{"id":58215,"href":"https:\/\/radionoticiascasanare.com\/inicio\/wp-json\/wp\/v2\/posts\/58213\/revisions\/58215"}],"wp:featuredmedia":[{"embeddable":true,"href":"https:\/\/radionoticiascasanare.com\/inicio\/wp-json\/wp\/v2\/media\/58214"}],"wp:attachment":[{"href":"https:\/\/radionoticiascasanare.com\/inicio\/wp-json\/wp\/v2\/media?parent=58213"}],"wp:term":[{"taxonomy":"category","embeddable":true,"href":"https:\/\/radionoticiascasanare.com\/inicio\/wp-json\/wp\/v2\/categories?post=58213"},{"taxonomy":"post_tag","embeddable":true,"href":"https:\/\/radionoticiascasanare.com\/inicio\/wp-json\/wp\/v2\/tags?post=58213"}],"curies":[{"name":"wp","href":"https:\/\/api.w.org\/{rel}","templated":true}]}}