{"id":58234,"date":"2025-07-01T00:06:01","date_gmt":"2025-07-01T05:06:01","guid":{"rendered":"https:\/\/radionoticiascasanare.com\/inicio\/?p=58234"},"modified":"2025-06-30T22:24:27","modified_gmt":"2025-07-01T03:24:27","slug":"mario-diaz-balart-niega-cualquier-complot-con-alvaro-leyva-contra-el-gobierno-petro-me-tengo-que-reir-por-tantos-inventos","status":"publish","type":"post","link":"https:\/\/radionoticiascasanare.com\/inicio\/mario-diaz-balart-niega-cualquier-complot-con-alvaro-leyva-contra-el-gobierno-petro-me-tengo-que-reir-por-tantos-inventos\/","title":{"rendered":"Mario D\u00edaz-Balart niega cualquier complot con \u00c1lvaro Leyva contra el Gobierno Petro: \u201cMe tengo que re\u00edr por tantos inventos\u201d"},"content":{"rendered":"<figure id=\"attachment_58235\" aria-describedby=\"caption-attachment-58235\" style=\"width: 300px\" class=\"wp-caption alignleft\"><img fetchpriority=\"high\" decoding=\"async\" class=\"wp-image-58235 size-medium\" src=\"https:\/\/radionoticiascasanare.com\/inicio\/wp-content\/uploads\/2025\/06\/Mario-Diaz-Balart-300x169.avif\" alt=\"Fotos Canciller\u00eda - @MarioDB\/X\" width=\"300\" height=\"169\" srcset=\"https:\/\/radionoticiascasanare.com\/inicio\/wp-content\/uploads\/2025\/06\/Mario-Diaz-Balart-300x169.avif 300w, https:\/\/radionoticiascasanare.com\/inicio\/wp-content\/uploads\/2025\/06\/Mario-Diaz-Balart-768x432.avif 768w, https:\/\/radionoticiascasanare.com\/inicio\/wp-content\/uploads\/2025\/06\/Mario-Diaz-Balart.avif 992w\" sizes=\"(max-width: 300px) 100vw, 300px\" \/><figcaption id=\"caption-attachment-58235\" class=\"wp-caption-text\">Fotos Canciller\u00eda &#8211; @MarioDB\/X<\/figcaption><\/figure>\n<p>Una tormenta pol\u00edtica se desat\u00f3 tras la publicaci\u00f3n de unos audios que vinculan al excanciller colombiano \u00c1lvaro Leyva con supuestos intentos por desestabilizar al Gobierno de Gustavo Petro a trav\u00e9s de apoyos internacionales.<\/p>\n<p>Lejos de limitarse a un escueto comunicado, el legislador estadounidense public\u00f3 un mensaje en espa\u00f1ol en su cuenta oficial de X, en la que no solo niega el encuentro, sino que ridiculiza las versiones que lo vinculan a maniobras conspirativas.<\/p>\n<p>\u201cMe causan risa la cantidad de falsedades e inventos sobre mis frecuentes reuniones con miembros de la sociedad civil de Colombia.\u00a0Siempre me he reunido con personas y grupos de distintos partidos y con diferentes opiniones, incluyendo m\u00faltiples encuentros con funcionarios del actual gobierno de Colombia,\u00a0como el presidente Petro, Embajadores de @ColombiaEmbUSA, entre otros\u201d, public\u00f3 el congresista norteamericano.<\/p>\n<p class=\"paragraph\" data-mrf-recirculation=\"Links inline\">D\u00edaz-Balart expres\u00f3 que le resultaba c\u00f3mico las afirmaciones en su contra, bajo el argumento de que suele reunirse con una amplia diversidad de figuras colombianas, sin importar su orientaci\u00f3n pol\u00edtica. Aclar\u00f3 que sostuvo encuentros tanto con cr\u00edticos como con aliados del actual Gobierno, incluyendo al propio presidente Gustavo Petro, lo que \u2013seg\u00fan \u00e9l\u2013 desmonta cualquier insinuaci\u00f3n de conspiraci\u00f3n ligada a esos espacios de di\u00e1logo.<\/p>\n<p class=\"paragraph\" data-mrf-recirculation=\"Links inline\">\u201cMe tengo que re\u00edr por tantos inventos, tonter\u00edas e hipocres\u00eda\u201d,\u00a0escribi\u00f3 con evidente molestia, dando a entender que las acusaciones no solo le parecen infundadas, sino incluso absurdas.<\/p>\n<p class=\"paragraph\" data-mrf-recirculation=\"Links inline\">Esta reacci\u00f3n se da justo cuando el ambiente pol\u00edtico en Colombia arde, sobre todo luego de que el presidente Petro no tardara en pronunciarse tras conocerse los audios. Desde su cuenta oficial, calific\u00f3 los hechos como un intento de golpe blando con ingredientes internacionales, y acus\u00f3 a Leyva de actuar con \u201ctraici\u00f3n a la patria\u201d. El mandatario tambi\u00e9n pidi\u00f3 a la Fiscal\u00eda que investigue los hechos, se\u00f1alando que est\u00e1n en juego los principios democr\u00e1ticos del pa\u00eds.<\/p>\n<div class=\"headline-wrapper\">\n<h4 class=\"header headline-class-h2\">Audios vinculan a \u00c1lvaro Leyva y representante de Estados Unidos con supuesto plan internacional contra Petro<\/h4>\n<\/div>\n<p class=\"paragraph\" data-mrf-recirculation=\"Links inline\">\u00c1lvaro\u202fLeyva, en los audios que se divulgaron, se expuso que en su b\u00fasqueda de respaldo exterior para un presunto plan de destituci\u00f3n del presidente Gustavo\u202fPetro, sostuvo reuniones en Estados Unidos con figuras republicanas clave. En sus declaraciones, afirm\u00f3 haber conversado con \u201cun tipo de primera fila: Mario D\u00edaz\u2011Balart\u201d, sugiriendo que el congresista floridano jug\u00f3 un rol significativo dentro de estos acercamientos.<\/p>\n<p class=\"paragraph\" data-mrf-recirculation=\"Links inline\">Leyva detall\u00f3 que su objetivo era obtener apoyo desde el Congreso estadounidense para presionar contra el Gobierno colombiano. Describi\u00f3 a D\u00edaz\u2011Balart y otros como \u201clos que est\u00e1n detr\u00e1s del secretario de Estado\u201d, insinuando un v\u00ednculo con las m\u00e1s altas esferas del poder norteamericano. Esa menci\u00f3n posiciona al congresista como pieza fundamental en una estrategia internacional que pretend\u00eda influir en la estabilidad pol\u00edtica de Colombia.<\/p>\n<p class=\"paragraph\" data-mrf-recirculation=\"Links inline\">M\u00e1s all\u00e1 de los desmentidos del congresista norteamericano,\u00a0el nombre de Leyva volvi\u00f3 a ocupar titulares, esta vez no por sus posturas diplom\u00e1ticas o roces con otros miembros del gabinete, sino por una serie de maniobras que, de comprobarse, podr\u00edan configurar un episodio importante en la historia de Colombia. Seg\u00fan el diario espa\u00f1ol, el exministro no solo habr\u00eda presentado un \u201cplan\u201d de acci\u00f3n al representante estadounidense para destituir a Petro, sino que habr\u00eda intentado acercamientos con el secretario de Estado de Estados Unidos, Marco Rubio, sin lograr audiencia.<\/p>\n<p data-mrf-recirculation=\"Links inline\">La respuesta de D\u00edaz-Balart, adem\u00e1s de negar todo, deja entrever cierto cansancio respecto al uso de su nombre en pol\u00e9micas ajenas. A trav\u00e9s de su publicaci\u00f3n dej\u00f3 claro que suele sostener di\u00e1logos con actores diversos de la pol\u00edtica colombiana, de distintas tendencias ideol\u00f3gicas.<\/p>\n<p data-mrf-recirculation=\"Links inline\">Fuente e imagen Infobae.com &#8211; Canciller\u00eda &#8211; @MarioDB\/X<\/p>\n<p data-mrf-recirculation=\"Links inline\">\n","protected":false},"excerpt":{"rendered":"<p>Una tormenta pol\u00edtica se desat\u00f3 tras la publicaci\u00f3n de unos audios que vinculan al excanciller colombiano \u00c1lvaro Leyva con supuestos intentos por desestabilizar al Gobierno de Gustavo Petro a trav\u00e9s de apoyos internacionales. Lejos de limitarse a un escueto comunicado, el legislador estadounidense public\u00f3 un mensaje en espa\u00f1ol en su cuenta oficial de X, en [&hellip;]<\/p>\n","protected":false},"author":2,"featured_media":58235,"comment_status":"closed","ping_status":"closed","sticky":false,"template":"","format":"standard","meta":{"footnotes":""},"categories":[66,85,51,5476],"tags":[6206,27802,27800,27804,23435,27803,27801],"class_list":["post-58234","post","type-post","status-publish","format-standard","has-post-thumbnail","hentry","category-destacadas","category-internacional","category-nacional","category-politica","tag-alvaro-leyva","tag-congresista-estadounidense","tag-excanciller-colombiano","tag-falsedades-e-inventos","tag-gobierno-de-gustavo-petro","tag-mario-diaz-balart","tag-supuestos-intentos-por-desestabilizar"],"_links":{"self":[{"href":"https:\/\/radionoticiascasanare.com\/inicio\/wp-json\/wp\/v2\/posts\/58234","targetHints":{"allow":["GET"]}}],"collection":[{"href":"https:\/\/radionoticiascasanare.com\/inicio\/wp-json\/wp\/v2\/posts"}],"about":[{"href":"https:\/\/radionoticiascasanare.com\/inicio\/wp-json\/wp\/v2\/types\/post"}],"author":[{"embeddable":true,"href":"https:\/\/radionoticiascasanare.com\/inicio\/wp-json\/wp\/v2\/users\/2"}],"replies":[{"embeddable":true,"href":"https:\/\/radionoticiascasanare.com\/inicio\/wp-json\/wp\/v2\/comments?post=58234"}],"version-history":[{"count":1,"href":"https:\/\/radionoticiascasanare.com\/inicio\/wp-json\/wp\/v2\/posts\/58234\/revisions"}],"predecessor-version":[{"id":58236,"href":"https:\/\/radionoticiascasanare.com\/inicio\/wp-json\/wp\/v2\/posts\/58234\/revisions\/58236"}],"wp:featuredmedia":[{"embeddable":true,"href":"https:\/\/radionoticiascasanare.com\/inicio\/wp-json\/wp\/v2\/media\/58235"}],"wp:attachment":[{"href":"https:\/\/radionoticiascasanare.com\/inicio\/wp-json\/wp\/v2\/media?parent=58234"}],"wp:term":[{"taxonomy":"category","embeddable":true,"href":"https:\/\/radionoticiascasanare.com\/inicio\/wp-json\/wp\/v2\/categories?post=58234"},{"taxonomy":"post_tag","embeddable":true,"href":"https:\/\/radionoticiascasanare.com\/inicio\/wp-json\/wp\/v2\/tags?post=58234"}],"curies":[{"name":"wp","href":"https:\/\/api.w.org\/{rel}","templated":true}]}}