{"id":58352,"date":"2025-07-07T00:04:37","date_gmt":"2025-07-07T05:04:37","guid":{"rendered":"https:\/\/radionoticiascasanare.com\/inicio\/?p=58352"},"modified":"2025-07-06T22:40:13","modified_gmt":"2025-07-07T03:40:13","slug":"usar-el-casco-no-es-una-opcion-es-una-decision-por-la-vida-alcalde-marco-tulio-ruiz","status":"publish","type":"post","link":"https:\/\/radionoticiascasanare.com\/inicio\/usar-el-casco-no-es-una-opcion-es-una-decision-por-la-vida-alcalde-marco-tulio-ruiz\/","title":{"rendered":"\u201cUsar el casco no es una opci\u00f3n, es una decisi\u00f3n por la vida\u201d: alcalde Marco Tulio Ru\u00edz"},"content":{"rendered":"<p><img decoding=\"async\" class=\" wp-image-58353 alignleft\" src=\"https:\/\/radionoticiascasanare.com\/inicio\/wp-content\/uploads\/2025\/07\/el-casco-no-es-una-opcion-es-una-decision-por-la_1024x600-300x212.jpg\" alt=\"\" width=\"209\" height=\"148\" srcset=\"https:\/\/radionoticiascasanare.com\/inicio\/wp-content\/uploads\/2025\/07\/el-casco-no-es-una-opcion-es-una-decision-por-la_1024x600-300x212.jpg 300w, https:\/\/radionoticiascasanare.com\/inicio\/wp-content\/uploads\/2025\/07\/el-casco-no-es-una-opcion-es-una-decision-por-la_1024x600-768x543.jpg 768w, https:\/\/radionoticiascasanare.com\/inicio\/wp-content\/uploads\/2025\/07\/el-casco-no-es-una-opcion-es-una-decision-por-la_1024x600.jpg 849w\" sizes=\"(max-width: 209px) 100vw, 209px\" \/>Convencido de que la seguridad vial comienza con la conciencia de cada conductor, el alcalde de Yopal, Marco Tulio Ru\u00edz Ria\u00f1o, lider\u00f3 una jornada de sensibilizaci\u00f3n dirigida a motociclistas sobre el uso adecuado del casco reglamentario.<\/p>\n<p>&#8220;Cada vida cuenta, y como alcalde invito a protegerla&#8221;, expres\u00f3 el mandatario durante el encuentro, en el que dialog\u00f3 directamente con los motociclistas sobre la importancia de portar un casco en buen estado, con las especificaciones t\u00e9cnicas que realmente salvan vidas.<\/p>\n<p>La actividad, organizada por la Secretar\u00eda de Movilidad, incluy\u00f3 la entrega de material pedag\u00f3gico y el intercambio de cascos deteriorados por nuevos, cumpliendo con las normas de seguridad exigidas.<\/p>\n<p>La jornada es una respuesta institucional contundente ante el panorama que afronta la din\u00e1mica vial en la ciudad, teniendo en cuenta que, durante el primer semestre de 2025, Yopal ha registrado 154 siniestros viales, con 446 veh\u00edculos involucrados, de los cuales 176 eran motocicletas. La situaci\u00f3n es compleja, ya que 25 de las 34 personas fallecidas en lo corrido del a\u00f1o eran conductores de motocicleta, y otras 4 eran acompa\u00f1antes que se movilizaban en este medio de transporte.<\/p>\n<p>Esto significa que el 85% de las v\u00edctimas mortales en siniestros viales en Yopal eran usuarios de motocicleta. Las autoridades han establecido que las principales causas son exceso de velocidad, embriaguez, maniobras peligrosas, impericia e irrespeto por las normas de tr\u00e1nsito.<\/p>\n<p>Ante este panorama, las autoridades han intensificado los controles y las campa\u00f1as educativas, pero el cambio real comienza con cada conductor. El uso del casco reglamentario no solo es una obligaci\u00f3n legal, sino una decisi\u00f3n consciente que puede marcar la diferencia entre la vida y la muerte.<\/p>\n<p>\u201cSeguimos comprometidos con la protecci\u00f3n de la vida. No queremos m\u00e1s muertos en las v\u00edas. Que cada motociclista regrese a casa sano y salvo, es nuestra prioridad\u201d, puntualiz\u00f3 el alcalde de Yopal.<\/p>\n<p>Fuente y Fotograf\u00eda Alcald\u00eda de Yopal<\/p>\n","protected":false},"excerpt":{"rendered":"<p>Convencido de que la seguridad vial comienza con la conciencia de cada conductor, el alcalde de Yopal, Marco Tulio Ru\u00edz Ria\u00f1o, lider\u00f3 una jornada de sensibilizaci\u00f3n dirigida a motociclistas sobre el uso adecuado del casco reglamentario. &#8220;Cada vida cuenta, y como alcalde invito a protegerla&#8221;, expres\u00f3 el mandatario durante el encuentro, en el que dialog\u00f3 [&hellip;]<\/p>\n","protected":false},"author":2,"featured_media":58353,"comment_status":"closed","ping_status":"closed","sticky":false,"template":"","format":"standard","meta":{"footnotes":""},"categories":[2,66,6171,8492,8493,21615,26396,22976],"tags":[111,237,3,25359,16794,5341,27963,238,12528,2136,16490,27964,16],"class_list":["post-58352","post","type-post","status-publish","format-standard","has-post-thumbnail","hentry","category-casanare","category-destacadas","category-educacion","category-noticias-casanare","category-noticias-de-casanare","category-radio-noticias-casanare","category-seguridad","category-yopal","tag-alcalde-de-yopal","tag-alcaldia-de-yopal","tag-casanare","tag-marco-tulio-ruiz-riano","tag-material-pedagogico","tag-motociclistas","tag-ornada-de-sensibilizacion","tag-radio-noticias-casanare","tag-secretaria-de-movilidad","tag-seguridad-vial","tag-siniestros-viales","tag-uso-adecuado-del-casco-reglamentario","tag-yopal"],"_links":{"self":[{"href":"https:\/\/radionoticiascasanare.com\/inicio\/wp-json\/wp\/v2\/posts\/58352","targetHints":{"allow":["GET"]}}],"collection":[{"href":"https:\/\/radionoticiascasanare.com\/inicio\/wp-json\/wp\/v2\/posts"}],"about":[{"href":"https:\/\/radionoticiascasanare.com\/inicio\/wp-json\/wp\/v2\/types\/post"}],"author":[{"embeddable":true,"href":"https:\/\/radionoticiascasanare.com\/inicio\/wp-json\/wp\/v2\/users\/2"}],"replies":[{"embeddable":true,"href":"https:\/\/radionoticiascasanare.com\/inicio\/wp-json\/wp\/v2\/comments?post=58352"}],"version-history":[{"count":1,"href":"https:\/\/radionoticiascasanare.com\/inicio\/wp-json\/wp\/v2\/posts\/58352\/revisions"}],"predecessor-version":[{"id":58354,"href":"https:\/\/radionoticiascasanare.com\/inicio\/wp-json\/wp\/v2\/posts\/58352\/revisions\/58354"}],"wp:featuredmedia":[{"embeddable":true,"href":"https:\/\/radionoticiascasanare.com\/inicio\/wp-json\/wp\/v2\/media\/58353"}],"wp:attachment":[{"href":"https:\/\/radionoticiascasanare.com\/inicio\/wp-json\/wp\/v2\/media?parent=58352"}],"wp:term":[{"taxonomy":"category","embeddable":true,"href":"https:\/\/radionoticiascasanare.com\/inicio\/wp-json\/wp\/v2\/categories?post=58352"},{"taxonomy":"post_tag","embeddable":true,"href":"https:\/\/radionoticiascasanare.com\/inicio\/wp-json\/wp\/v2\/tags?post=58352"}],"curies":[{"name":"wp","href":"https:\/\/api.w.org\/{rel}","templated":true}]}}