{"id":58482,"date":"2025-07-14T01:19:20","date_gmt":"2025-07-14T06:19:20","guid":{"rendered":"https:\/\/radionoticiascasanare.com\/inicio\/?p=58482"},"modified":"2025-07-14T01:19:20","modified_gmt":"2025-07-14T06:19:20","slug":"caravana-humanitaria-llego-a-ocho-veredas-de-la-salina-llevando-esperanza-a-familias-afectadas-por-la-ola-invernal","status":"publish","type":"post","link":"https:\/\/radionoticiascasanare.com\/inicio\/caravana-humanitaria-llego-a-ocho-veredas-de-la-salina-llevando-esperanza-a-familias-afectadas-por-la-ola-invernal\/","title":{"rendered":"Caravana humanitaria lleg\u00f3 a ocho veredas de La Salina llevando esperanza a familias afectadas por la ola invernal"},"content":{"rendered":"<p data-start=\"120\" data-end=\"407\"><img decoding=\"async\" class=\" wp-image-58483 alignleft\" src=\"https:\/\/radionoticiascasanare.com\/inicio\/wp-content\/uploads\/2025\/07\/WhatsApp-Image-2025-07-13-at-10.13.26-PM-300x169.jpeg\" alt=\"\" width=\"218\" height=\"123\" srcset=\"https:\/\/radionoticiascasanare.com\/inicio\/wp-content\/uploads\/2025\/07\/WhatsApp-Image-2025-07-13-at-10.13.26-PM-300x169.jpeg 300w, https:\/\/radionoticiascasanare.com\/inicio\/wp-content\/uploads\/2025\/07\/WhatsApp-Image-2025-07-13-at-10.13.26-PM-1024x576.jpeg 1024w, https:\/\/radionoticiascasanare.com\/inicio\/wp-content\/uploads\/2025\/07\/WhatsApp-Image-2025-07-13-at-10.13.26-PM-768x432.jpeg 768w, https:\/\/radionoticiascasanare.com\/inicio\/wp-content\/uploads\/2025\/07\/WhatsApp-Image-2025-07-13-at-10.13.26-PM.jpeg 1280w\" sizes=\"(max-width: 218px) 100vw, 218px\" \/>La caravana humanitaria liderada por el gobernador C\u00e9sar Ortiz Zorro lleg\u00f3 hasta ocho veredas del municipio de La Salina, en el norte del departamento, donde m\u00e1s de 200 familias humildes y golpeadas por la fuerte temporada de lluvias recibieron ayudas alimentarias.<\/p>\n<p data-start=\"409\" data-end=\"627\">En sectores como Los Colorados, Chinivaque y Rodrigoque, las comunidades agradecieron con emotivas muestras de gratitud el respaldo recibido en medio de las dif\u00edciles condiciones ocasionadas por la emergencia invernal.<\/p>\n<p data-start=\"629\" data-end=\"1117\">Las entregas de kits humanitarios fueron encabezadas por el director de Gesti\u00f3n del Riesgo de Desastres, Guillermo Velandia, en compa\u00f1\u00eda del alcalde Reinaldo Chaparro y voluntarios de la Defensa Civil. Adem\u00e1s del acompa\u00f1amiento solidario, se realiz\u00f3 un recorrido por v\u00edas rurales para identificar puntos cr\u00edticos que requieren intervenci\u00f3n urgente. En respuesta, ya se ha asignado maquinaria amarilla por parte de la Gobernaci\u00f3n para mejorar la movilidad y garantizar el acceso de ayudas.<\/p>\n<p data-start=\"1119\" data-end=\"1381\">Uno de los momentos m\u00e1s significativos de la jornada fue la entrega de ayudas a la abuela Custodia, una de las damnificadas en la vereda Rodrigoque. Con esta entrega, ya son <strong data-start=\"1293\" data-end=\"1351\">2.848 hogares atendidos en el departamento de Casanare<\/strong> durante la actual emergencia.<\/p>\n<p data-start=\"1383\" data-end=\"1709\" data-is-last-node=\"\" data-is-only-node=\"\">Las labores humanitarias no se detienen. De manera articulada con los organismos de socorro y las alcald\u00edas municipales, la Gobernaci\u00f3n contin\u00faa desplegando esfuerzos para llegar a las zonas m\u00e1s apartadas del territorio, con el firme prop\u00f3sito de asistir a m\u00e1s de <strong data-start=\"1647\" data-end=\"1675\">4.600 familias afectadas<\/strong> en los 19 municipios de Casanare.<\/p>\n<p data-start=\"1383\" data-end=\"1709\" data-is-last-node=\"\" data-is-only-node=\"\">Fuente y Fotograf\u00eda Gobernaci\u00f3n de Casanare<\/p>\n","protected":false},"excerpt":{"rendered":"<p>La caravana humanitaria liderada por el gobernador C\u00e9sar Ortiz Zorro lleg\u00f3 hasta ocho veredas del municipio de La Salina, en el norte del departamento, donde m\u00e1s de 200 familias humildes y golpeadas por la fuerte temporada de lluvias recibieron ayudas alimentarias. En sectores como Los Colorados, Chinivaque y Rodrigoque, las comunidades agradecieron con emotivas muestras [&hellip;]<\/p>\n","protected":false},"author":2,"featured_media":58483,"comment_status":"closed","ping_status":"closed","sticky":false,"template":"","format":"standard","meta":{"footnotes":""},"categories":[2,66,26132,28075,8492,8493],"tags":[27241,3,28214,25121,6384,332,21913,17200,74,28213,238,28215],"class_list":["post-58482","post","type-post","status-publish","format-standard","has-post-thumbnail","hentry","category-casanare","category-destacadas","category-invierno","category-la-salina","category-noticias-casanare","category-noticias-de-casanare","tag-caravana-humanitaria","tag-casanare","tag-chinivaque","tag-director-de-gestion-del-riesgo-de-desastres","tag-emergencia-invernal","tag-gobernacion-de-casanare","tag-gobernador-cesar-ortiz-zorro","tag-guillermo-velandia","tag-la-salina","tag-los-colorados","tag-radio-noticias-casanare","tag-rodrigoque"],"_links":{"self":[{"href":"https:\/\/radionoticiascasanare.com\/inicio\/wp-json\/wp\/v2\/posts\/58482","targetHints":{"allow":["GET"]}}],"collection":[{"href":"https:\/\/radionoticiascasanare.com\/inicio\/wp-json\/wp\/v2\/posts"}],"about":[{"href":"https:\/\/radionoticiascasanare.com\/inicio\/wp-json\/wp\/v2\/types\/post"}],"author":[{"embeddable":true,"href":"https:\/\/radionoticiascasanare.com\/inicio\/wp-json\/wp\/v2\/users\/2"}],"replies":[{"embeddable":true,"href":"https:\/\/radionoticiascasanare.com\/inicio\/wp-json\/wp\/v2\/comments?post=58482"}],"version-history":[{"count":1,"href":"https:\/\/radionoticiascasanare.com\/inicio\/wp-json\/wp\/v2\/posts\/58482\/revisions"}],"predecessor-version":[{"id":58484,"href":"https:\/\/radionoticiascasanare.com\/inicio\/wp-json\/wp\/v2\/posts\/58482\/revisions\/58484"}],"wp:featuredmedia":[{"embeddable":true,"href":"https:\/\/radionoticiascasanare.com\/inicio\/wp-json\/wp\/v2\/media\/58483"}],"wp:attachment":[{"href":"https:\/\/radionoticiascasanare.com\/inicio\/wp-json\/wp\/v2\/media?parent=58482"}],"wp:term":[{"taxonomy":"category","embeddable":true,"href":"https:\/\/radionoticiascasanare.com\/inicio\/wp-json\/wp\/v2\/categories?post=58482"},{"taxonomy":"post_tag","embeddable":true,"href":"https:\/\/radionoticiascasanare.com\/inicio\/wp-json\/wp\/v2\/tags?post=58482"}],"curies":[{"name":"wp","href":"https:\/\/api.w.org\/{rel}","templated":true}]}}