{"id":5850,"date":"2016-07-18T07:18:00","date_gmt":"2016-07-18T07:18:00","guid":{"rendered":"http:\/\/radionoticiascasanare.com\/inicio\/?p=5850"},"modified":"2016-07-18T07:18:00","modified_gmt":"2016-07-18T07:18:00","slug":"paro-camionero-esta-afectando-sectores-arrocero-ganadero-citricola-y-palmicultor-gobernador-de-casanare","status":"publish","type":"post","link":"https:\/\/radionoticiascasanare.com\/inicio\/paro-camionero-esta-afectando-sectores-arrocero-ganadero-citricola-y-palmicultor-gobernador-de-casanare\/","title":{"rendered":"Paro camionero est\u00e1 afectando sectores arrocero, ganadero, citr\u00edcola y palmicultor: Gobernador de Casanare"},"content":{"rendered":"<p>Una nueva evaluaci\u00f3n sobre el paro camionero adelant\u00f3 el Gobernador de Casanare, Josu\u00e9 Alirio Barrera Rodr\u00edguez, para analizar el panorama que se presenta con el fin de evitat una nueva crisis a los arroceros por la falta de transporte para trasladar la cosecha que se estima que asciende a 7oo mil toneladas de arroz.<\/p>\n<p>El mandatario seccional se\u00f1al\u00f3 al t\u00e9rmino de la reuni\u00f3n que existe una \u201cm\u00e1xima alerta\u201d entre los ganaderos y arroceros por la posibilidad, que la protesta se extienda perjudicando as\u00ed la movilizaci\u00f3n de sus productos causando mayores complicaciones al departamento porque ataca directamente dos renglones que son sensibles para la\u00a0econom\u00eda regional.<\/p>\n<p>Reconoci\u00f3 Barrera Rodr\u00edguez que existe una buena voluntad por parte de los camioneros del departamento y resalt\u00f3 que hasta la fecha no se han presentado hechos de desmanes en los seis puntos de concentraci\u00f3n ubicados en Casanare pero si se mostr\u00f3 preocupado por el futuro de la cosecha de arroz, que para trasladarla a otros mercados se requieren entre 300 a 350 veh\u00edculos diarios.<\/p>\n<p>El Gobernador de Casanare hizo \u00e9nfasis en el papel que ha venido ocupando el cultivo de arroz y que est\u00e1 asumiendo gran parte de la carga laboral directa o indirecta que qued\u00f3 vacante a ra\u00edz de la crisis del petr\u00f3leo, por lo que dijo que har\u00e1 las gestiones correspondientes para evitar se genere una crisis en el gremio.<\/p>\n<p>El mandatario seccional advirti\u00f3 que no solo los ganaderos y arroceros que est\u00e1n acompa\u00f1ando las negociaciones con la Gobernaci\u00f3n, tambi\u00e9n existen afectaciones en cultivos de pi\u00f1a, palma y pl\u00e1tano.<\/p>\n<p>Fuente y Fotograf\u00eda Radio Noticias Casanare<\/p>\n","protected":false},"excerpt":{"rendered":"<p>Una nueva evaluaci\u00f3n sobre el paro camionero adelant\u00f3 el Gobernador de Casanare, Josu\u00e9 Alirio Barrera Rodr\u00edguez, para analizar el panorama que se presenta con el fin de evitat una nueva crisis a los arroceros por la falta de transporte para trasladar la cosecha que se estima que asciende a 7oo mil toneladas de arroz. El [&hellip;]<\/p>\n","protected":false},"author":1,"featured_media":0,"comment_status":"closed","ping_status":"closed","sticky":false,"template":"","format":"standard","meta":{"footnotes":""},"categories":[2,66],"tags":[1543,3,399,103,1886,1603,1887,134,238],"class_list":["post-5850","post","type-post","status-publish","format-standard","hentry","category-casanare","category-destacadas","tag-arroz","tag-casanare","tag-ganadero","tag-gobernador-de-casanare","tag-palma","tag-paro-camionero","tag-pina","tag-platano","tag-radio-noticias-casanare"],"_links":{"self":[{"href":"https:\/\/radionoticiascasanare.com\/inicio\/wp-json\/wp\/v2\/posts\/5850","targetHints":{"allow":["GET"]}}],"collection":[{"href":"https:\/\/radionoticiascasanare.com\/inicio\/wp-json\/wp\/v2\/posts"}],"about":[{"href":"https:\/\/radionoticiascasanare.com\/inicio\/wp-json\/wp\/v2\/types\/post"}],"author":[{"embeddable":true,"href":"https:\/\/radionoticiascasanare.com\/inicio\/wp-json\/wp\/v2\/users\/1"}],"replies":[{"embeddable":true,"href":"https:\/\/radionoticiascasanare.com\/inicio\/wp-json\/wp\/v2\/comments?post=5850"}],"version-history":[{"count":0,"href":"https:\/\/radionoticiascasanare.com\/inicio\/wp-json\/wp\/v2\/posts\/5850\/revisions"}],"wp:attachment":[{"href":"https:\/\/radionoticiascasanare.com\/inicio\/wp-json\/wp\/v2\/media?parent=5850"}],"wp:term":[{"taxonomy":"category","embeddable":true,"href":"https:\/\/radionoticiascasanare.com\/inicio\/wp-json\/wp\/v2\/categories?post=5850"},{"taxonomy":"post_tag","embeddable":true,"href":"https:\/\/radionoticiascasanare.com\/inicio\/wp-json\/wp\/v2\/tags?post=5850"}],"curies":[{"name":"wp","href":"https:\/\/api.w.org\/{rel}","templated":true}]}}