{"id":5854,"date":"2016-07-18T07:45:36","date_gmt":"2016-07-18T07:45:36","guid":{"rendered":"http:\/\/radionoticiascasanare.com\/inicio\/?p=5854"},"modified":"2016-07-18T07:45:36","modified_gmt":"2016-07-18T07:45:36","slug":"hay-division-entre-el-gremio-de-trasportadores-en-casanare","status":"publish","type":"post","link":"https:\/\/radionoticiascasanare.com\/inicio\/hay-division-entre-el-gremio-de-trasportadores-en-casanare\/","title":{"rendered":"\u00bfHay divisi\u00f3n entre el gremio de trasportadores en Casanare?"},"content":{"rendered":"<p style=\"text-align: justify;\">Por parte de la Asociaci\u00f3n de Camioneros y desde la misma administraci\u00f3n departamental se ha dado a conocer que los trasportadores estar\u00edan en voluntad de realizar el cargue de la cosecha de arroz, que inicia este lunes, pero a esta versi\u00f3n ya le han salido al paso varios voceros en los puntos de bloque, desmintiendo la informaci\u00f3n.<\/p>\n<p style=\"text-align: justify;\"><img decoding=\"async\" class=\"wp-image-5856 alignleft\" src=\"http:\/\/radionoticiascasanare.com\/inicio\/wp-content\/uploads\/2016\/07\/PARO-TRANSPORTADORES.-2-1024x720.jpg\" alt=\"PARO TRANSPORTADORES. 2\" width=\"128\" height=\"90\" \/>Este hecho, sumado a las declaraciones de representantes de la administraci\u00f3n y de los arroceros dan cuenta de una divisi\u00f3n entre los voceros de los trasportadores, algunos quieren regresar a sus labores, mientras muchos otros, quienes est\u00e1n concentrados en los puntos de las manifestaciones se resisten a detener la protesta.<\/p>\n<p style=\"text-align: justify;\">As\u00ed las cosas, sin una versi\u00f3n unificada y sin una sola cabeza visible ser\u00e1 dif\u00edcil que el paro camionero se pueda conjurar en su totalidad, por lo menos no hasta que la movilizaci\u00f3n nacional entregue una directriz general, que tambi\u00e9n ha tenido que salir a trav\u00e9s de las redes sociales y videos, reiterando que la protesta que cumple 42 d\u00edas de inactividad seguir\u00e1 hasta tanto el Gobierno Nacional no acepte las reclamaciones, que calificaron como justas.<\/p>\n<p style=\"text-align: justify;\"><img decoding=\"async\" class=\"wp-image-5857 alignleft\" src=\"http:\/\/radionoticiascasanare.com\/inicio\/wp-content\/uploads\/2016\/07\/PARO-TRANSPORTADORES.-3-1024x720.jpg\" alt=\"PARO TRANSPORTADORES. 3\" width=\"129\" height=\"91\" \/>Promotores y voceros del Paro Camionero en las diferentes regiones han hecho un llamado a los transportadores para que contin\u00faen con la protesta debido a que no se ha logrado un acuerdo con el Gobierno Nacional y solo se ha tenido acercamientos con Senadores de la Comisi\u00f3n VI con quienes dialogaron pero no se concret\u00f3 nada para levantar la manifestaci\u00f3n.<\/p>\n<p style=\"text-align: justify;\">La situaci\u00f3n m\u00e1s cr\u00edtica se registra en Boyac\u00e1 donde se concentra la mayor parte de los camioneros que participan del Paro y que ha generado desabastecimiento de alimentos, productos de la canasta familiar y combustible que est\u00e1 siendo comercializado por tres o cuatro veces m\u00e1s que el precio normal, lo que ha causado serios contratiempos para el desarrollo de las actividades tanto en Tunja, Duitama y Sogamoso.<\/p>\n<p style=\"text-align: justify;\">Fuente y Fotograf\u00eda Radio Noticias Casanare<\/p>\n","protected":false},"excerpt":{"rendered":"<p>Por parte de la Asociaci\u00f3n de Camioneros y desde la misma administraci\u00f3n departamental se ha dado a conocer que los trasportadores estar\u00edan en voluntad de realizar el cargue de la cosecha de arroz, que inicia este lunes, pero a esta versi\u00f3n ya le han salido al paso varios voceros en los puntos de bloque, desmintiendo [&hellip;]<\/p>\n","protected":false},"author":1,"featured_media":0,"comment_status":"closed","ping_status":"closed","sticky":false,"template":"","format":"standard","meta":{"footnotes":""},"categories":[2,66],"tags":[1888,3,956,830,1820,332,73,1603,238,833],"class_list":["post-5854","post","type-post","status-publish","format-standard","hentry","category-casanare","category-destacadas","tag-alimentos","tag-casanare","tag-combustible","tag-comision-vi","tag-desabastecimiento","tag-gobernacion-de-casanare","tag-gobierno-nacional","tag-paro-camionero","tag-radio-noticias-casanare","tag-senado"],"_links":{"self":[{"href":"https:\/\/radionoticiascasanare.com\/inicio\/wp-json\/wp\/v2\/posts\/5854","targetHints":{"allow":["GET"]}}],"collection":[{"href":"https:\/\/radionoticiascasanare.com\/inicio\/wp-json\/wp\/v2\/posts"}],"about":[{"href":"https:\/\/radionoticiascasanare.com\/inicio\/wp-json\/wp\/v2\/types\/post"}],"author":[{"embeddable":true,"href":"https:\/\/radionoticiascasanare.com\/inicio\/wp-json\/wp\/v2\/users\/1"}],"replies":[{"embeddable":true,"href":"https:\/\/radionoticiascasanare.com\/inicio\/wp-json\/wp\/v2\/comments?post=5854"}],"version-history":[{"count":0,"href":"https:\/\/radionoticiascasanare.com\/inicio\/wp-json\/wp\/v2\/posts\/5854\/revisions"}],"wp:attachment":[{"href":"https:\/\/radionoticiascasanare.com\/inicio\/wp-json\/wp\/v2\/media?parent=5854"}],"wp:term":[{"taxonomy":"category","embeddable":true,"href":"https:\/\/radionoticiascasanare.com\/inicio\/wp-json\/wp\/v2\/categories?post=5854"},{"taxonomy":"post_tag","embeddable":true,"href":"https:\/\/radionoticiascasanare.com\/inicio\/wp-json\/wp\/v2\/tags?post=5854"}],"curies":[{"name":"wp","href":"https:\/\/api.w.org\/{rel}","templated":true}]}}