{"id":58750,"date":"2025-07-30T00:02:03","date_gmt":"2025-07-30T05:02:03","guid":{"rendered":"https:\/\/radionoticiascasanare.com\/inicio\/?p=58750"},"modified":"2025-07-30T22:16:31","modified_gmt":"2025-07-31T03:16:31","slug":"alejandro-castellanos-tenista-casanareno-logro-asceder-un-puesto-en-el-ranking-de-la-federacion-internacional-de-tenis","status":"publish","type":"post","link":"https:\/\/radionoticiascasanare.com\/inicio\/alejandro-castellanos-tenista-casanareno-logro-asceder-un-puesto-en-el-ranking-de-la-federacion-internacional-de-tenis\/","title":{"rendered":"Alejandro Castellanos, tenista casanare\u00f1o logro asceder un puesto en el ranking de la Federaci\u00f3n Internacional de Tenis"},"content":{"rendered":"<p><img decoding=\"async\" class=\"alignleft wp-image-58751 size-medium\" src=\"https:\/\/radionoticiascasanare.com\/inicio\/wp-content\/uploads\/2025\/07\/WhatsApp-Image-2025-07-30-at-7.08.08-PM-e1753931413899-300x162.jpeg\" alt=\"\" width=\"300\" height=\"162\" srcset=\"https:\/\/radionoticiascasanare.com\/inicio\/wp-content\/uploads\/2025\/07\/WhatsApp-Image-2025-07-30-at-7.08.08-PM-e1753931413899-300x162.jpeg 300w, https:\/\/radionoticiascasanare.com\/inicio\/wp-content\/uploads\/2025\/07\/WhatsApp-Image-2025-07-30-at-7.08.08-PM-e1753931413899-1024x554.jpeg 1024w, https:\/\/radionoticiascasanare.com\/inicio\/wp-content\/uploads\/2025\/07\/WhatsApp-Image-2025-07-30-at-7.08.08-PM-e1753931413899-768x415.jpeg 768w, https:\/\/radionoticiascasanare.com\/inicio\/wp-content\/uploads\/2025\/07\/WhatsApp-Image-2025-07-30-at-7.08.08-PM-e1753931413899.jpeg 1065w\" sizes=\"(max-width: 300px) 100vw, 300px\" \/>El ranking de la International Tennis Federation (ITF) Juniors de la \u00faltima semana, indica que el casanare\u00f1o Alejandro Castellanos, subi\u00f3 un puesto en su categor\u00eda y ya se ubica, como 209 en el mundo y tercero en Colombia.<\/p>\n<p>Castellanos, quien hace parte de los Deportistas Apoyados del Indercas, adem\u00e1s pertenece a la Liga de Tenis de Casanare, tendr\u00e1 una cita durante la primera semana de agosto del a\u00f1o en curso, cuando dispute los Juegos Panamericanos Sub18, que tiene sede la ciudad de La Asunci\u00f3n, en suelo paraguayo.<\/p>\n<p>El llanero viene de ser campe\u00f3n en la modalidad por Equipos, en el Interligas en Pereira, entre otros logros este 2025 donde dentro y fuera de nuestras fronteras, siempre ha demostrado que est\u00e1 para grandes cosas como tenista profesional.<\/p>\n<p>&nbsp;<\/p>\n","protected":false},"excerpt":{"rendered":"<p>El ranking de la International Tennis Federation (ITF) Juniors de la \u00faltima semana, indica que el casanare\u00f1o Alejandro Castellanos, subi\u00f3 un puesto en su categor\u00eda y ya se ubica, como 209 en el mundo y tercero en Colombia. Castellanos, quien hace parte de los Deportistas Apoyados del Indercas, adem\u00e1s pertenece a la Liga de Tenis [&hellip;]<\/p>\n","protected":false},"author":2,"featured_media":58751,"comment_status":"closed","ping_status":"closed","sticky":false,"template":"","format":"standard","meta":{"footnotes":""},"categories":[2,56,66,85,8492,8493,21615],"tags":[27600,28539,28541,28540,28537,27998,28542,28538],"class_list":["post-58750","post","type-post","status-publish","format-standard","has-post-thumbnail","hentry","category-casanare","category-deportes","category-destacadas","category-internacional","category-noticias-casanare","category-noticias-de-casanare","category-radio-noticias-casanare","tag-alejandro-castellanos","tag-deportistas-apoyados-del-indercas","tag-interligas-en-pereira","tag-modalidad-por-equipos","tag-ranking-de-la-international","tag-tenista-casanareno","tag-tenista-profesional","tag-tennis-federation-itf-juniors"],"_links":{"self":[{"href":"https:\/\/radionoticiascasanare.com\/inicio\/wp-json\/wp\/v2\/posts\/58750","targetHints":{"allow":["GET"]}}],"collection":[{"href":"https:\/\/radionoticiascasanare.com\/inicio\/wp-json\/wp\/v2\/posts"}],"about":[{"href":"https:\/\/radionoticiascasanare.com\/inicio\/wp-json\/wp\/v2\/types\/post"}],"author":[{"embeddable":true,"href":"https:\/\/radionoticiascasanare.com\/inicio\/wp-json\/wp\/v2\/users\/2"}],"replies":[{"embeddable":true,"href":"https:\/\/radionoticiascasanare.com\/inicio\/wp-json\/wp\/v2\/comments?post=58750"}],"version-history":[{"count":1,"href":"https:\/\/radionoticiascasanare.com\/inicio\/wp-json\/wp\/v2\/posts\/58750\/revisions"}],"predecessor-version":[{"id":58752,"href":"https:\/\/radionoticiascasanare.com\/inicio\/wp-json\/wp\/v2\/posts\/58750\/revisions\/58752"}],"wp:featuredmedia":[{"embeddable":true,"href":"https:\/\/radionoticiascasanare.com\/inicio\/wp-json\/wp\/v2\/media\/58751"}],"wp:attachment":[{"href":"https:\/\/radionoticiascasanare.com\/inicio\/wp-json\/wp\/v2\/media?parent=58750"}],"wp:term":[{"taxonomy":"category","embeddable":true,"href":"https:\/\/radionoticiascasanare.com\/inicio\/wp-json\/wp\/v2\/categories?post=58750"},{"taxonomy":"post_tag","embeddable":true,"href":"https:\/\/radionoticiascasanare.com\/inicio\/wp-json\/wp\/v2\/tags?post=58750"}],"curies":[{"name":"wp","href":"https:\/\/api.w.org\/{rel}","templated":true}]}}