{"id":59009,"date":"2025-08-21T01:31:51","date_gmt":"2025-08-21T06:31:51","guid":{"rendered":"https:\/\/radionoticiascasanare.com\/inicio\/?p=59009"},"modified":"2025-08-21T01:32:04","modified_gmt":"2025-08-21T06:32:04","slug":"la-fcf-y-movistar-abren-convocatoria-nacional-rumbo-a-la-seleccion-colombia-de-efootball","status":"publish","type":"post","link":"https:\/\/radionoticiascasanare.com\/inicio\/la-fcf-y-movistar-abren-convocatoria-nacional-rumbo-a-la-seleccion-colombia-de-efootball\/","title":{"rendered":"La FCF y Movistar abren convocatoria nacional rumbo a la Selecci\u00f3n Colombia de eFootball"},"content":{"rendered":"<p data-start=\"198\" data-end=\"491\"><img decoding=\"async\" class=\" wp-image-59010 alignleft\" src=\"https:\/\/radionoticiascasanare.com\/inicio\/wp-content\/uploads\/2025\/08\/WhatsApp-Image-2025-08-20-at-4.36.34-PM-240x300.jpeg\" alt=\"\" width=\"138\" height=\"173\" srcset=\"https:\/\/radionoticiascasanare.com\/inicio\/wp-content\/uploads\/2025\/08\/WhatsApp-Image-2025-08-20-at-4.36.34-PM-240x300.jpeg 240w, https:\/\/radionoticiascasanare.com\/inicio\/wp-content\/uploads\/2025\/08\/WhatsApp-Image-2025-08-20-at-4.36.34-PM-819x1024.jpeg 819w, https:\/\/radionoticiascasanare.com\/inicio\/wp-content\/uploads\/2025\/08\/WhatsApp-Image-2025-08-20-at-4.36.34-PM-768x960.jpeg 768w, https:\/\/radionoticiascasanare.com\/inicio\/wp-content\/uploads\/2025\/08\/WhatsApp-Image-2025-08-20-at-4.36.34-PM.jpeg 1024w\" sizes=\"(max-width: 138px) 100vw, 138px\" \/>La Federaci\u00f3n Colombiana de F\u00fatbol (FCF), en alianza con Movistar, lanz\u00f3 oficialmente la convocatoria para seleccionar a los jugadores que representar\u00e1n al pa\u00eds en la <strong data-start=\"365\" data-end=\"400\">Selecci\u00f3n Colombia de eFootball<\/strong>, con miras a la <strong data-start=\"417\" data-end=\"444\">Copa Mundial FIFAe 2025<\/strong>, que se disputar\u00e1 en Emiratos \u00c1rabes Unidos.<\/p>\n<p data-start=\"493\" data-end=\"690\">El proceso reunir\u00e1 a m\u00e1s de 250 gamers de todo el pa\u00eds, quienes competir\u00e1n por un cupo en el combinado nacional en dos modalidades: <strong data-start=\"625\" data-end=\"647\">equipos en consola<\/strong> y <strong data-start=\"650\" data-end=\"687\">competencia individual en m\u00f3viles<\/strong>.<\/p>\n<p data-start=\"692\" data-end=\"988\">La gran final presencial est\u00e1 programada para el <strong data-start=\"741\" data-end=\"770\">6 de septiembre en Bogot\u00e1<\/strong>, donde se enfrentar\u00e1n los mejores talentos del torneo. Posteriormente, la FCF dar\u00e1 a conocer los seleccionados: el <strong data-start=\"886\" data-end=\"905\">9 de septiembre<\/strong> en la categor\u00eda de consola y el <strong data-start=\"938\" data-end=\"958\">23 de septiembre<\/strong> en la modalidad de m\u00f3viles.<\/p>\n<p data-start=\"990\" data-end=\"1238\">Con esta iniciativa, la Federaci\u00f3n y Movistar buscan impulsar el crecimiento de los deportes electr\u00f3nicos en Colombia y abrir un espacio de proyecci\u00f3n internacional para los jugadores que logren vestir la camiseta tricolor en la cita mundialista.<\/p>\n<p data-start=\"198\" data-end=\"491\">(FCF), en alianza con Movistar, lanz\u00f3 oficialmente la convocatoria para seleccionar a los jugadores que representar\u00e1n al pa\u00eds en la <strong data-start=\"365\" data-end=\"400\">Selecci\u00f3n Colombia de eFootball<\/strong>, con miras a la <strong data-start=\"417\" data-end=\"444\">Copa Mundial FIFAe 2025<\/strong>, que se disputar\u00e1 en Emiratos \u00c1rabes Unidos.<\/p>\n<p data-start=\"493\" data-end=\"690\">El proceso reunir\u00e1 a m\u00e1s de 250 gamers de todo el pa\u00eds, quienes competir\u00e1n por un cupo en el combinado nacional en dos modalidades: <strong data-start=\"625\" data-end=\"647\">equipos en consola<\/strong> y <strong data-start=\"650\" data-end=\"687\">competencia individual en m\u00f3viles<\/strong>.<\/p>\n<p data-start=\"692\" data-end=\"988\">La gran final presencial est\u00e1 programada para el <strong data-start=\"741\" data-end=\"770\">6 de septiembre en Bogot\u00e1<\/strong>, donde se enfrentar\u00e1n los mejores talentos del torneo. Posteriormente, la FCF dar\u00e1 a conocer los seleccionados: el <strong data-start=\"886\" data-end=\"905\">9 de septiembre<\/strong> en la categor\u00eda de consola y el <strong data-start=\"938\" data-end=\"958\">23 de septiembre<\/strong> en la modalidad de m\u00f3viles.<\/p>\n<p data-start=\"990\" data-end=\"1238\">Con esta iniciativa, la Federaci\u00f3n y Movistar buscan impulsar el crecimiento de los deportes electr\u00f3nicos en Colombia y abrir un espacio de proyecci\u00f3n internacional para los jugadores que logren vestir la camiseta tricolor en la cita mundialista.<\/p>\n<p data-start=\"990\" data-end=\"1238\"><img fetchpriority=\"high\" decoding=\"async\" class=\"alignnone size-medium wp-image-59011\" src=\"https:\/\/radionoticiascasanare.com\/inicio\/wp-content\/uploads\/2025\/08\/CARRUSEL_01-240x300.png\" alt=\"\" width=\"240\" height=\"300\" srcset=\"https:\/\/radionoticiascasanare.com\/inicio\/wp-content\/uploads\/2025\/08\/CARRUSEL_01-240x300.png 240w, https:\/\/radionoticiascasanare.com\/inicio\/wp-content\/uploads\/2025\/08\/CARRUSEL_01-819x1024.png 819w, https:\/\/radionoticiascasanare.com\/inicio\/wp-content\/uploads\/2025\/08\/CARRUSEL_01-768x960.png 768w, https:\/\/radionoticiascasanare.com\/inicio\/wp-content\/uploads\/2025\/08\/CARRUSEL_01.png 1080w\" sizes=\"(max-width: 240px) 100vw, 240px\" \/> <img decoding=\"async\" class=\"alignnone size-medium wp-image-59012\" src=\"https:\/\/radionoticiascasanare.com\/inicio\/wp-content\/uploads\/2025\/08\/CARRUSEL_05-240x300.png\" alt=\"\" width=\"240\" height=\"300\" srcset=\"https:\/\/radionoticiascasanare.com\/inicio\/wp-content\/uploads\/2025\/08\/CARRUSEL_05-240x300.png 240w, https:\/\/radionoticiascasanare.com\/inicio\/wp-content\/uploads\/2025\/08\/CARRUSEL_05-819x1024.png 819w, https:\/\/radionoticiascasanare.com\/inicio\/wp-content\/uploads\/2025\/08\/CARRUSEL_05-768x960.png 768w, https:\/\/radionoticiascasanare.com\/inicio\/wp-content\/uploads\/2025\/08\/CARRUSEL_05.png 1080w\" sizes=\"(max-width: 240px) 100vw, 240px\" \/> <img loading=\"lazy\" decoding=\"async\" class=\"alignnone size-medium wp-image-59013\" src=\"https:\/\/radionoticiascasanare.com\/inicio\/wp-content\/uploads\/2025\/08\/CARRUSEL_04-240x300.png\" alt=\"\" width=\"240\" height=\"300\" srcset=\"https:\/\/radionoticiascasanare.com\/inicio\/wp-content\/uploads\/2025\/08\/CARRUSEL_04-240x300.png 240w, https:\/\/radionoticiascasanare.com\/inicio\/wp-content\/uploads\/2025\/08\/CARRUSEL_04-819x1024.png 819w, https:\/\/radionoticiascasanare.com\/inicio\/wp-content\/uploads\/2025\/08\/CARRUSEL_04-768x960.png 768w, https:\/\/radionoticiascasanare.com\/inicio\/wp-content\/uploads\/2025\/08\/CARRUSEL_04.png 1080w\" sizes=\"(max-width: 240px) 100vw, 240px\" \/><\/p>\n","protected":false},"excerpt":{"rendered":"<p>La Federaci\u00f3n Colombiana de F\u00fatbol (FCF), en alianza con Movistar, lanz\u00f3 oficialmente la convocatoria para seleccionar a los jugadores que representar\u00e1n al pa\u00eds en la Selecci\u00f3n Colombia de eFootball, con miras a la Copa Mundial FIFAe 2025, que se disputar\u00e1 en Emiratos \u00c1rabes Unidos. El proceso reunir\u00e1 a m\u00e1s de 250 gamers de todo el [&hellip;]<\/p>\n","protected":false},"author":2,"featured_media":0,"comment_status":"closed","ping_status":"closed","sticky":false,"template":"","format":"standard","meta":{"footnotes":""},"categories":[56,66,168,21615,608],"tags":[10138,28967,28970,28968,20878,28965,28966,1826,28969,238],"class_list":["post-59009","post","type-post","status-publish","format-standard","hentry","category-deportes","category-destacadas","category-generales","category-radio-noticias-casanare","category-tecnologia","tag-alianza","tag-convocatoria-para-seleccionar-a-los-jugadores","tag-copa-mundial-fifae-2025","tag-equipos-en-consola","tag-gamers","tag-la-federacion-colombiana-de-futbol-fcf","tag-lanzo-oficialmente","tag-movistar","tag-petencia-individual-en-moviles","tag-radio-noticias-casanare"],"_links":{"self":[{"href":"https:\/\/radionoticiascasanare.com\/inicio\/wp-json\/wp\/v2\/posts\/59009","targetHints":{"allow":["GET"]}}],"collection":[{"href":"https:\/\/radionoticiascasanare.com\/inicio\/wp-json\/wp\/v2\/posts"}],"about":[{"href":"https:\/\/radionoticiascasanare.com\/inicio\/wp-json\/wp\/v2\/types\/post"}],"author":[{"embeddable":true,"href":"https:\/\/radionoticiascasanare.com\/inicio\/wp-json\/wp\/v2\/users\/2"}],"replies":[{"embeddable":true,"href":"https:\/\/radionoticiascasanare.com\/inicio\/wp-json\/wp\/v2\/comments?post=59009"}],"version-history":[{"count":1,"href":"https:\/\/radionoticiascasanare.com\/inicio\/wp-json\/wp\/v2\/posts\/59009\/revisions"}],"predecessor-version":[{"id":59014,"href":"https:\/\/radionoticiascasanare.com\/inicio\/wp-json\/wp\/v2\/posts\/59009\/revisions\/59014"}],"wp:attachment":[{"href":"https:\/\/radionoticiascasanare.com\/inicio\/wp-json\/wp\/v2\/media?parent=59009"}],"wp:term":[{"taxonomy":"category","embeddable":true,"href":"https:\/\/radionoticiascasanare.com\/inicio\/wp-json\/wp\/v2\/categories?post=59009"},{"taxonomy":"post_tag","embeddable":true,"href":"https:\/\/radionoticiascasanare.com\/inicio\/wp-json\/wp\/v2\/tags?post=59009"}],"curies":[{"name":"wp","href":"https:\/\/api.w.org\/{rel}","templated":true}]}}