{"id":59034,"date":"2025-08-22T01:32:56","date_gmt":"2025-08-22T06:32:56","guid":{"rendered":"https:\/\/radionoticiascasanare.com\/inicio\/?p=59034"},"modified":"2025-08-22T01:32:56","modified_gmt":"2025-08-22T06:32:56","slug":"gobernacion-de-casanare-y-alcaldia-de-yopal-fortalecen-la-atencion-psicosocial-a-victimas-del-conflicto-armado","status":"publish","type":"post","link":"https:\/\/radionoticiascasanare.com\/inicio\/gobernacion-de-casanare-y-alcaldia-de-yopal-fortalecen-la-atencion-psicosocial-a-victimas-del-conflicto-armado\/","title":{"rendered":"Gobernaci\u00f3n de Casanare y Alcald\u00eda de Yopal fortalecen la atenci\u00f3n psicosocial a v\u00edctimas del conflicto armado"},"content":{"rendered":"<p><img decoding=\"async\" class=\" wp-image-59035 alignleft\" src=\"https:\/\/radionoticiascasanare.com\/inicio\/wp-content\/uploads\/2025\/08\/WhatsApp-Image-2025-08-21-at-9.44.54-PM-300x195.jpeg\" alt=\"\" width=\"166\" height=\"108\" srcset=\"https:\/\/radionoticiascasanare.com\/inicio\/wp-content\/uploads\/2025\/08\/WhatsApp-Image-2025-08-21-at-9.44.54-PM-300x195.jpeg 300w, https:\/\/radionoticiascasanare.com\/inicio\/wp-content\/uploads\/2025\/08\/WhatsApp-Image-2025-08-21-at-9.44.54-PM-1024x667.jpeg 1024w, https:\/\/radionoticiascasanare.com\/inicio\/wp-content\/uploads\/2025\/08\/WhatsApp-Image-2025-08-21-at-9.44.54-PM-768x500.jpeg 768w, https:\/\/radionoticiascasanare.com\/inicio\/wp-content\/uploads\/2025\/08\/WhatsApp-Image-2025-08-21-at-9.44.54-PM.jpeg 1280w\" sizes=\"(max-width: 166px) 100vw, 166px\" \/>Con el prop\u00f3sito de contribuir al bienestar y la salud mental de la poblaci\u00f3n v\u00edctima del conflicto armado, la Gobernaci\u00f3n de Casanare en articulaci\u00f3n con la Alcald\u00eda de Yopal adelanta un proceso de atenci\u00f3n primaria en salud mental que busca acompa\u00f1ar, orientar y fortalecer emocionalmente a quienes han sido golpeados por la violencia.<\/p>\n<p>Estas atenciones que se ofrecen de manera individual, familiar y grupal, est\u00e1n dise\u00f1adas para fortalecer la resiliencia, el control emocional, los sistemas de afrontamiento y orientar el proyecto de vida de las v\u00edctimas.<\/p>\n<p>Durante el 2025, se han brindado m\u00e1s de 450 atenciones psicosociales en el municipio de Yopal.<\/p>\n<p>Jessica Avella Blanco, directora de Desarrollo Comunitario de Casanare, destac\u00f3 que, \u201cnuestro compromiso es garantizar que las v\u00edctimas tengan un acompa\u00f1amiento cercano y humano, que les permita transformar el dolor en esperanza y fortalecer sus capacidades para seguir adelante\u201d.<\/p>\n<p>Por su parte, Sophia Porras, profesional en Psicolog\u00eda del proyecto de poblaci\u00f3n v\u00edctima del conflicto armado, se\u00f1al\u00f3 que cada proceso es \u00fanico y valioso. \u201cA trav\u00e9s de estos espacios buscamos que las personas encuentren herramientas emocionales y sociales que les permitan reconstruir su vida y recuperar su confianza\u201d.<\/p>\n<p>Las atenciones pueden ser solicitadas directamente en el Punto de Atenci\u00f3n a V\u00edctimas de Yopal, ubicado en la Calle 21 #23-08, barrio Bicentenario.<\/p>\n<p>Con estas acciones estrat\u00e9gicas, la Gobernaci\u00f3n de Casanare y la Alcald\u00eda de Yopal confirman su compromiso constante con la dignidad, el bienestar y la reparaci\u00f3n integral de las v\u00edctimas del conflicto armado.<\/p>\n<p>Fuente y Fotograf\u00eda Gobernaci\u00f3n de Casanare<\/p>\n","protected":false},"excerpt":{"rendered":"<p>Con el prop\u00f3sito de contribuir al bienestar y la salud mental de la poblaci\u00f3n v\u00edctima del conflicto armado, la Gobernaci\u00f3n de Casanare en articulaci\u00f3n con la Alcald\u00eda de Yopal adelanta un proceso de atenci\u00f3n primaria en salud mental que busca acompa\u00f1ar, orientar y fortalecer emocionalmente a quienes han sido golpeados por la violencia. Estas atenciones [&hellip;]<\/p>\n","protected":false},"author":2,"featured_media":59035,"comment_status":"closed","ping_status":"closed","sticky":false,"template":"","format":"standard","meta":{"footnotes":""},"categories":[2,66,8492,8493,21615,2280,22976],"tags":[237,15528,29005,10744,332,29004,29003,29006,29007,4983,29002,238,11719,2611,422],"class_list":["post-59034","post","type-post","status-publish","format-standard","has-post-thumbnail","hentry","category-casanare","category-destacadas","category-noticias-casanare","category-noticias-de-casanare","category-radio-noticias-casanare","category-salud","category-yopal","tag-alcaldia-de-yopal","tag-bienestar","tag-el-control-emocional","tag-familiar","tag-gobernacion-de-casanare","tag-grupal","tag-individual","tag-los-sistemas-de-afrontamiento","tag-orientar-el-proyecto-de-vida","tag-poblacion-victima-del-conflicto-armado","tag-proceso-de-atencion-primaria","tag-radio-noticias-casanare","tag-resiliencia","tag-salud-mental","tag-victimas"],"_links":{"self":[{"href":"https:\/\/radionoticiascasanare.com\/inicio\/wp-json\/wp\/v2\/posts\/59034","targetHints":{"allow":["GET"]}}],"collection":[{"href":"https:\/\/radionoticiascasanare.com\/inicio\/wp-json\/wp\/v2\/posts"}],"about":[{"href":"https:\/\/radionoticiascasanare.com\/inicio\/wp-json\/wp\/v2\/types\/post"}],"author":[{"embeddable":true,"href":"https:\/\/radionoticiascasanare.com\/inicio\/wp-json\/wp\/v2\/users\/2"}],"replies":[{"embeddable":true,"href":"https:\/\/radionoticiascasanare.com\/inicio\/wp-json\/wp\/v2\/comments?post=59034"}],"version-history":[{"count":1,"href":"https:\/\/radionoticiascasanare.com\/inicio\/wp-json\/wp\/v2\/posts\/59034\/revisions"}],"predecessor-version":[{"id":59036,"href":"https:\/\/radionoticiascasanare.com\/inicio\/wp-json\/wp\/v2\/posts\/59034\/revisions\/59036"}],"wp:featuredmedia":[{"embeddable":true,"href":"https:\/\/radionoticiascasanare.com\/inicio\/wp-json\/wp\/v2\/media\/59035"}],"wp:attachment":[{"href":"https:\/\/radionoticiascasanare.com\/inicio\/wp-json\/wp\/v2\/media?parent=59034"}],"wp:term":[{"taxonomy":"category","embeddable":true,"href":"https:\/\/radionoticiascasanare.com\/inicio\/wp-json\/wp\/v2\/categories?post=59034"},{"taxonomy":"post_tag","embeddable":true,"href":"https:\/\/radionoticiascasanare.com\/inicio\/wp-json\/wp\/v2\/tags?post=59034"}],"curies":[{"name":"wp","href":"https:\/\/api.w.org\/{rel}","templated":true}]}}