{"id":59335,"date":"2025-09-03T00:20:33","date_gmt":"2025-09-03T05:20:33","guid":{"rendered":"https:\/\/radionoticiascasanare.com\/inicio\/?p=59335"},"modified":"2025-09-02T22:28:40","modified_gmt":"2025-09-03T03:28:40","slug":"avanza-la-gestion-para-la-construccion-de-la-torre-2-del-hospital-regional-de-la-orinoquia","status":"publish","type":"post","link":"https:\/\/radionoticiascasanare.com\/inicio\/avanza-la-gestion-para-la-construccion-de-la-torre-2-del-hospital-regional-de-la-orinoquia\/","title":{"rendered":"Avanza la gesti\u00f3n para la construcci\u00f3n de la Torre 2 del Hospital Regional de la Orinoqu\u00eda"},"content":{"rendered":"<p data-start=\"263\" data-end=\"502\"><img fetchpriority=\"high\" decoding=\"async\" class=\"alignleft wp-image-59336 size-medium\" src=\"https:\/\/radionoticiascasanare.com\/inicio\/wp-content\/uploads\/2025\/09\/HORO-A-e1756869948839-300x173.jpg\" alt=\"\" width=\"300\" height=\"173\" srcset=\"https:\/\/radionoticiascasanare.com\/inicio\/wp-content\/uploads\/2025\/09\/HORO-A-e1756869948839-300x173.jpg 300w, https:\/\/radionoticiascasanare.com\/inicio\/wp-content\/uploads\/2025\/09\/HORO-A-e1756869948839.jpg 595w\" sizes=\"(max-width: 300px) 100vw, 300px\" \/>El Hospital Regional de la Orinoqu\u00eda (HORO) contin\u00faa consolidando los pasos para la construcci\u00f3n de la <strong data-start=\"385\" data-end=\"416\">Torre 2 de Alta Complejidad<\/strong>, un proyecto que busca transformar la atenci\u00f3n en salud en Casanare y la Orinoqu\u00eda.<\/p>\n<p data-start=\"504\" data-end=\"890\">La entidad inform\u00f3 que, recientemente, particip\u00f3 en una mesa t\u00e9cnica convocada por el <strong data-start=\"590\" data-end=\"633\">Ministerio de Salud y Protecci\u00f3n Social<\/strong> para hacer seguimiento a los estudios y dise\u00f1os de las ingenier\u00edas que respaldan la iniciativa. Estos espacios de articulaci\u00f3n han sido claves para garantizar el avance riguroso de cada fase y asegurar que la obra responda a las necesidades de la regi\u00f3n.<\/p>\n<p data-start=\"892\" data-end=\"1394\">El proyecto ha contado con el acompa\u00f1amiento permanente del Gobierno Nacional desde marzo de 2024, cuando el Ministerio asumi\u00f3 compromisos de inversi\u00f3n en infraestructura hospitalaria, equipos biom\u00e9dicos, ambulancias y pago de deudas por atenci\u00f3n a poblaci\u00f3n migrante. Posteriormente, en octubre de ese mismo a\u00f1o, el HORO fue clasificado como instituci\u00f3n <strong data-start=\"1247\" data-end=\"1281\">sin riesgo fiscal y financiero<\/strong>, lo que fortaleci\u00f3 su capacidad de gesti\u00f3n y le permiti\u00f3 avanzar con autonom\u00eda en la planeaci\u00f3n de la Torre 2.<\/p>\n<p data-start=\"1396\" data-end=\"1868\">Uno de los hitos m\u00e1s importantes se alcanz\u00f3 en noviembre de 2024, con la aprobaci\u00f3n del <strong data-start=\"1484\" data-end=\"1538\">estudio de capacidad instalada de oferta y demanda<\/strong>, requisito indispensable para dar paso a la contrataci\u00f3n de estudios y dise\u00f1os arquitect\u00f3nicos. Con ello, se definieron los servicios que tendr\u00e1 la nueva infraestructura, entre los que se destacan unidades oncol\u00f3gicas, materno-fetales, de ortopedia, nefrolog\u00eda, cuidados intensivos y atenci\u00f3n especializada de alta complejidad.<\/p>\n<p data-start=\"1870\" data-end=\"2319\">En 2025, el proyecto avanz\u00f3 con la definici\u00f3n de un dise\u00f1o arquitect\u00f3nico de <strong data-start=\"1947\" data-end=\"1961\">seis pisos<\/strong>, donde adem\u00e1s de modernas unidades m\u00e9dicas, se contempl\u00f3 un espacio acad\u00e9mico en el \u00faltimo nivel para la docencia e investigaci\u00f3n, con el prop\u00f3sito de convertir al HORO en hospital universitario. En junio de este a\u00f1o, la gerencia confirm\u00f3 la entrega de los estudios finales y la radicaci\u00f3n de documentos ante el Ministerio, paso previo para iniciar obras.<\/p>\n<p data-start=\"2321\" data-end=\"2683\">Actualmente, el Ministerio de Salud revisa los detalles t\u00e9cnicos del proyecto, mientras el hospital reitera que la <strong data-start=\"2436\" data-end=\"2447\">Torre 2<\/strong> representa una apuesta hist\u00f3rica para reducir los traslados de pacientes a otras regiones y ofrecer, en el coraz\u00f3n de la Orinoqu\u00eda, servicios hospitalarios con tecnolog\u00eda de \u00faltima generaci\u00f3n y talento humano altamente especializado.<\/p>\n<p data-start=\"700\" data-end=\"1001\">Fuente y Fotograf\u00eda Hospital Regional de la Orinoquia<\/p>\n","protected":false},"excerpt":{"rendered":"<p>El Hospital Regional de la Orinoqu\u00eda (HORO) contin\u00faa consolidando los pasos para la construcci\u00f3n de la Torre 2 de Alta Complejidad, un proyecto que busca transformar la atenci\u00f3n en salud en Casanare y la Orinoqu\u00eda. La entidad inform\u00f3 que, recientemente, particip\u00f3 en una mesa t\u00e9cnica convocada por el Ministerio de Salud y Protecci\u00f3n Social para [&hellip;]<\/p>\n","protected":false},"author":2,"featured_media":59336,"comment_status":"closed","ping_status":"closed","sticky":false,"template":"","format":"standard","meta":{"footnotes":""},"categories":[2,66,5476,26396,25969,22976],"tags":[29517,29522,29521,73,5944,29519,39,11308,1532,29520,29518],"class_list":["post-59335","post","type-post","status-publish","format-standard","has-post-thumbnail","hentry","category-casanare","category-destacadas","category-politica","category-seguridad","category-servicios-publicos","category-yopal","tag-consolidando-los-pasos-para-la-construccion-de-la-torre-2-de-alta-complejidad","tag-estudio-de-capacidad-instalada-de-oferta-y-demanda","tag-financiero","tag-gobierno-nacional","tag-hospital-regional-de-la-orinoquia","tag-la-obra-responda-a-las-necesidades-de-la-region","tag-mesa-tecnica","tag-ministerio-de-salud-y-proteccion-social","tag-orinoquia","tag-sin-riesgo-fiscal","tag-transformar-la-atencion-en-salud-en-casanare"],"_links":{"self":[{"href":"https:\/\/radionoticiascasanare.com\/inicio\/wp-json\/wp\/v2\/posts\/59335","targetHints":{"allow":["GET"]}}],"collection":[{"href":"https:\/\/radionoticiascasanare.com\/inicio\/wp-json\/wp\/v2\/posts"}],"about":[{"href":"https:\/\/radionoticiascasanare.com\/inicio\/wp-json\/wp\/v2\/types\/post"}],"author":[{"embeddable":true,"href":"https:\/\/radionoticiascasanare.com\/inicio\/wp-json\/wp\/v2\/users\/2"}],"replies":[{"embeddable":true,"href":"https:\/\/radionoticiascasanare.com\/inicio\/wp-json\/wp\/v2\/comments?post=59335"}],"version-history":[{"count":1,"href":"https:\/\/radionoticiascasanare.com\/inicio\/wp-json\/wp\/v2\/posts\/59335\/revisions"}],"predecessor-version":[{"id":59337,"href":"https:\/\/radionoticiascasanare.com\/inicio\/wp-json\/wp\/v2\/posts\/59335\/revisions\/59337"}],"wp:featuredmedia":[{"embeddable":true,"href":"https:\/\/radionoticiascasanare.com\/inicio\/wp-json\/wp\/v2\/media\/59336"}],"wp:attachment":[{"href":"https:\/\/radionoticiascasanare.com\/inicio\/wp-json\/wp\/v2\/media?parent=59335"}],"wp:term":[{"taxonomy":"category","embeddable":true,"href":"https:\/\/radionoticiascasanare.com\/inicio\/wp-json\/wp\/v2\/categories?post=59335"},{"taxonomy":"post_tag","embeddable":true,"href":"https:\/\/radionoticiascasanare.com\/inicio\/wp-json\/wp\/v2\/tags?post=59335"}],"curies":[{"name":"wp","href":"https:\/\/api.w.org\/{rel}","templated":true}]}}