{"id":60251,"date":"2025-10-27T00:30:56","date_gmt":"2025-10-27T05:30:56","guid":{"rendered":"https:\/\/radionoticiascasanare.com\/inicio\/?p=60251"},"modified":"2025-10-26T22:58:57","modified_gmt":"2025-10-27T03:58:57","slug":"banda-marcial-del-cuerpo-de-bomberos-voluntarios-de-yopal-brillo-en-el-4-festival-de-bandas-marciales","status":"publish","type":"post","link":"https:\/\/radionoticiascasanare.com\/inicio\/banda-marcial-del-cuerpo-de-bomberos-voluntarios-de-yopal-brillo-en-el-4-festival-de-bandas-marciales\/","title":{"rendered":"Banda Marcial del Cuerpo de Bomberos Voluntarios de Yopal brill\u00f3 en el 4\u00b0 Festival de Bandas Marciales"},"content":{"rendered":"<p data-start=\"115\" data-end=\"444\">La Banda Marcial del Cuerpo de Bomberos Voluntarios de Yopal particip\u00f3 con gran \u00e9xito en el <strong data-start=\"207\" data-end=\"251\">4\u00b0 Festival Nacional de Bandas Marciales<\/strong>, organizado por la <strong data-start=\"271\" data-end=\"331\">Instituci\u00f3n Educativa Policarpa Salavarrieta de Morichal<\/strong>, evento que reuni\u00f3 agrupaciones de distintas regiones del pa\u00eds en un espacio de integraci\u00f3n y talento musical.<\/p>\n<p data-start=\"446\" data-end=\"796\">Un total de <strong data-start=\"458\" data-end=\"476\">38 integrantes<\/strong> representaron a la instituci\u00f3n en la categor\u00eda <em data-start=\"524\" data-end=\"534\">Festival<\/em>, destac\u00e1ndose por su disciplina, sincron\u00eda y compromiso en cada interpretaci\u00f3n. Su presentaci\u00f3n fue recibida con aplausos del p\u00fablico y reconocimiento por parte de los organizadores, quienes resaltaron la calidad art\u00edstica y la energ\u00eda de los j\u00f3venes m\u00fasicos.<\/p>\n<p data-start=\"798\" data-end=\"1110\">De acuerdo con medios locales como <em data-start=\"833\" data-end=\"850\">Casanare Online<\/em> y <em data-start=\"853\" data-end=\"876\">Prensa Libre Casanare<\/em>, el encuentro reafirma el papel del Festival como uno de los eventos culturales m\u00e1s importantes del municipio de Yopal, promoviendo la formaci\u00f3n art\u00edstica y el intercambio entre bandas estudiantiles, comunitarias e institucionales.<\/p>\n<p data-start=\"1112\" data-end=\"1355\">Con esta participaci\u00f3n, el <strong data-start=\"1139\" data-end=\"1182\">Cuerpo de Bomberos Voluntarios de Yopal<\/strong> contin\u00faa fortaleciendo su v\u00ednculo con la comunidad y dejando en alto el nombre de la instituci\u00f3n, no solo en el \u00e1mbito operativo, sino tambi\u00e9n en el cultural y formativo.<\/p>\n<p data-start=\"1112\" data-end=\"1355\">Fuente y Fotograf\u00eda <strong data-start=\"1139\" data-end=\"1182\">Cuerpo de Bomberos Voluntarios de Yopal<\/strong><\/p>\n","protected":false},"excerpt":{"rendered":"<p>La Banda Marcial del Cuerpo de Bomberos Voluntarios de Yopal particip\u00f3 con gran \u00e9xito en el 4\u00b0 Festival Nacional de Bandas Marciales, organizado por la Instituci\u00f3n Educativa Policarpa Salavarrieta de Morichal, evento que reuni\u00f3 agrupaciones de distintas regiones del pa\u00eds en un espacio de integraci\u00f3n y talento musical. Un total de 38 integrantes representaron a [&hellip;]<\/p>\n","protected":false},"author":2,"featured_media":60252,"comment_status":"closed","ping_status":"closed","sticky":false,"template":"","format":"standard","meta":{"footnotes":""},"categories":[66,3782,21616,8492,22976],"tags":[31137,31136,18066,31138,16],"class_list":["post-60251","post","type-post","status-publish","format-standard","has-post-thumbnail","hentry","category-destacadas","category-entretenimiento","category-instituciones-educativas","category-noticias-casanare","category-yopal","tag-4-festival-nacional-de-bandas-marciales","tag-banda-marcial","tag-cuerpo-de-bomberos-voluntarios","tag-institucion-educativa-policarpa-salavarrieta-de-morichal","tag-yopal"],"_links":{"self":[{"href":"https:\/\/radionoticiascasanare.com\/inicio\/wp-json\/wp\/v2\/posts\/60251","targetHints":{"allow":["GET"]}}],"collection":[{"href":"https:\/\/radionoticiascasanare.com\/inicio\/wp-json\/wp\/v2\/posts"}],"about":[{"href":"https:\/\/radionoticiascasanare.com\/inicio\/wp-json\/wp\/v2\/types\/post"}],"author":[{"embeddable":true,"href":"https:\/\/radionoticiascasanare.com\/inicio\/wp-json\/wp\/v2\/users\/2"}],"replies":[{"embeddable":true,"href":"https:\/\/radionoticiascasanare.com\/inicio\/wp-json\/wp\/v2\/comments?post=60251"}],"version-history":[{"count":1,"href":"https:\/\/radionoticiascasanare.com\/inicio\/wp-json\/wp\/v2\/posts\/60251\/revisions"}],"predecessor-version":[{"id":60253,"href":"https:\/\/radionoticiascasanare.com\/inicio\/wp-json\/wp\/v2\/posts\/60251\/revisions\/60253"}],"wp:featuredmedia":[{"embeddable":true,"href":"https:\/\/radionoticiascasanare.com\/inicio\/wp-json\/wp\/v2\/media\/60252"}],"wp:attachment":[{"href":"https:\/\/radionoticiascasanare.com\/inicio\/wp-json\/wp\/v2\/media?parent=60251"}],"wp:term":[{"taxonomy":"category","embeddable":true,"href":"https:\/\/radionoticiascasanare.com\/inicio\/wp-json\/wp\/v2\/categories?post=60251"},{"taxonomy":"post_tag","embeddable":true,"href":"https:\/\/radionoticiascasanare.com\/inicio\/wp-json\/wp\/v2\/tags?post=60251"}],"curies":[{"name":"wp","href":"https:\/\/api.w.org\/{rel}","templated":true}]}}