{"id":60428,"date":"2025-11-08T00:20:59","date_gmt":"2025-11-08T05:20:59","guid":{"rendered":"https:\/\/radionoticiascasanare.com\/inicio\/?p=60428"},"modified":"2025-11-07T19:20:25","modified_gmt":"2025-11-08T00:20:25","slug":"nelson-camacho-no-hay-solucion-clara-y-exige-junto-a-otros-alcaldes-garantizar-del-gas-en-casanare-y-meta-hasta-2028","status":"publish","type":"post","link":"https:\/\/radionoticiascasanare.com\/inicio\/nelson-camacho-no-hay-solucion-clara-y-exige-junto-a-otros-alcaldes-garantizar-del-gas-en-casanare-y-meta-hasta-2028\/","title":{"rendered":"Nelson Camacho: \u201cNo hay soluci\u00f3n clara\u201d y exige junto a otros alcaldes garantizar  del gas en Casanare y Meta hasta 2028"},"content":{"rendered":"<p>En el municipio de Aguazul se llev\u00f3 a cabo una nueva reuni\u00f3n del Puesto de Mando Unificado (PMU), con la participaci\u00f3n activa de la comunidad, gremios del gas, Ecopetrol y l\u00edderes regionales, Comit\u00e9 C\u00edvico pro Tarifas del Gas, en busca de soluciones urgentes frente al desabastecimiento de gas natural en los departamentos de Casanare y Meta.<\/p>\n<p>El alcalde de Aguazul, Nelson Camacho, junto a los mandatarios Marco Tulio Ruiz (Yopal), Ediver V\u00e1zquez (San Luis de Palenque), Damaris Abril (Trinidad), el Delegado del Gobernador, Casanare C\u00e9sar Zorro, el secretario de Gobierno Julio Ramos y la Gerente de Enerca Nubia Castro alzaron la voz en defensa de las comunidades del Llano, exigiendo que se garantice el suministro de gas natural hasta el a\u00f1o 2028.<\/p>\n<p>La preocupaci\u00f3n se intensific\u00f3 tras el anuncio de la empresa Perenco sobre la posible falta de mol\u00e9cula para continuar el suministro, lo que pondr\u00eda en riesgo el servicio residencial en varios municipios de la regi\u00f3n.<\/p>\n<p>Aunque se cont\u00f3 con la presencia de un delegado del\u00a0 los organizadores lamentaron la ausencia de representantes de la Comisi\u00f3n de Regulaci\u00f3n de Energ\u00eda y Gas (CREG) y de otras entidades del orden nacional que hab\u00edan confirmado su asistencia. \u201cNo se cumpli\u00f3 el compromiso como se hab\u00eda hablado\u201d, expresaron.<\/p>\n<p>El 12 de noviembre se realizar\u00e1 una nueva mesa t\u00e9cnica, en la que se espera avanzar hacia soluciones concretas que eviten una crisis energ\u00e9tica de gran escala.<\/p>\n<p>Durante el encuentro, se evidenci\u00f3 el riesgo que enfrentan miles de familias en seis municipios casanare\u00f1os \u2014Aguazul, Yopal, Man\u00ed, Trinidad, San Luis de Palenque y Orocu\u00e9\u2014 que podr\u00edan quedar sin gas natural residencial si no se concreta la venta de mol\u00e9cula por parte de Ecopetrol.<\/p>\n<p>Las autoridades locales y la comunidad reiteraron su llamado urgente al Gobierno Nacional, a las empresas del sector y a las entidades reguladoras para que act\u00faen con responsabilidad y compromiso frente a esta situaci\u00f3n cr\u00edtica que amenaza el bienestar de miles de hogares y el desarrollo regional.<\/p>\n","protected":false},"excerpt":{"rendered":"<p>En el municipio de Aguazul se llev\u00f3 a cabo una nueva reuni\u00f3n del Puesto de Mando Unificado (PMU), con la participaci\u00f3n activa de la comunidad, gremios del gas, Ecopetrol y l\u00edderes regionales, Comit\u00e9 C\u00edvico pro Tarifas del Gas, en busca de soluciones urgentes frente al desabastecimiento de gas natural en los departamentos de Casanare y [&hellip;]<\/p>\n","protected":false},"author":2,"featured_media":60429,"comment_status":"closed","ping_status":"closed","sticky":false,"template":"","format":"standard","meta":{"footnotes":""},"categories":[23168,2,66,31510,8492,26019,22976],"tags":[239,237,3,15039,31523,2811,307,120,224,462,332,31521,31522,269,3331,68,238,723,1301,16],"class_list":["post-60428","post","type-post","status-publish","format-standard","has-post-thumbnail","hentry","category-aguazul","category-casanare","category-destacadas","category-gas-petroleo","category-noticias-casanare","category-san-luis-de-palenque","category-yopal","tag-aguazul","tag-alcaldia-de-yopal","tag-casanare","tag-comision-de-regulacion-de-energia-y-gas","tag-comite-civico-pro-tarifas-del-gas","tag-comunidad","tag-creg","tag-ecopetrol","tag-enerca","tag-gas-natural","tag-gobernacion-de-casanare","tag-gremios-del-gas","tag-lideres-regionales","tag-mani","tag-ministerio-de-minas-y-energia","tag-orocue","tag-radio-noticias-casanare","tag-san-luis-de-palenque","tag-trinidad","tag-yopal"],"_links":{"self":[{"href":"https:\/\/radionoticiascasanare.com\/inicio\/wp-json\/wp\/v2\/posts\/60428","targetHints":{"allow":["GET"]}}],"collection":[{"href":"https:\/\/radionoticiascasanare.com\/inicio\/wp-json\/wp\/v2\/posts"}],"about":[{"href":"https:\/\/radionoticiascasanare.com\/inicio\/wp-json\/wp\/v2\/types\/post"}],"author":[{"embeddable":true,"href":"https:\/\/radionoticiascasanare.com\/inicio\/wp-json\/wp\/v2\/users\/2"}],"replies":[{"embeddable":true,"href":"https:\/\/radionoticiascasanare.com\/inicio\/wp-json\/wp\/v2\/comments?post=60428"}],"version-history":[{"count":1,"href":"https:\/\/radionoticiascasanare.com\/inicio\/wp-json\/wp\/v2\/posts\/60428\/revisions"}],"predecessor-version":[{"id":60430,"href":"https:\/\/radionoticiascasanare.com\/inicio\/wp-json\/wp\/v2\/posts\/60428\/revisions\/60430"}],"wp:featuredmedia":[{"embeddable":true,"href":"https:\/\/radionoticiascasanare.com\/inicio\/wp-json\/wp\/v2\/media\/60429"}],"wp:attachment":[{"href":"https:\/\/radionoticiascasanare.com\/inicio\/wp-json\/wp\/v2\/media?parent=60428"}],"wp:term":[{"taxonomy":"category","embeddable":true,"href":"https:\/\/radionoticiascasanare.com\/inicio\/wp-json\/wp\/v2\/categories?post=60428"},{"taxonomy":"post_tag","embeddable":true,"href":"https:\/\/radionoticiascasanare.com\/inicio\/wp-json\/wp\/v2\/tags?post=60428"}],"curies":[{"name":"wp","href":"https:\/\/api.w.org\/{rel}","templated":true}]}}