{"id":60507,"date":"2025-11-12T05:57:52","date_gmt":"2025-11-12T10:57:52","guid":{"rendered":"https:\/\/radionoticiascasanare.com\/inicio\/?p=60507"},"modified":"2025-11-12T05:57:52","modified_gmt":"2025-11-12T10:57:52","slug":"indra-group-nombra-a-johana-andrea-forero-campos-como-nueva-directora-regional-de-talento-humano","status":"publish","type":"post","link":"https:\/\/radionoticiascasanare.com\/inicio\/indra-group-nombra-a-johana-andrea-forero-campos-como-nueva-directora-regional-de-talento-humano\/","title":{"rendered":"Indra Group nombra a Johana Andrea Forero Campos como nueva Directora Regional de Talento Humano"},"content":{"rendered":"<p style=\"font-weight: 400;\">\u00a0Indra Group, compa\u00f1\u00eda global l\u00edder en consultor\u00eda y tecnolog\u00eda, anunci\u00f3 el nombramiento de Johana Andrea Forero Campos como nueva Chief Human Resources Officer (CHRO) Regional para Colombia, Ecuador, Centroam\u00e9rica y el Caribe.<\/p>\n<p style=\"font-weight: 400;\">Johana cuenta con una trayectoria de m\u00e1s de 15 a\u00f1os liderando equipos multidisciplinarios en compa\u00f1\u00edas multinacionales de tecnolog\u00eda, servicios y banca. Ha estado al frente de procesos de transformaci\u00f3n digital y cultural en distintos pa\u00edses de Latinoam\u00e9rica y Centroam\u00e9rica, destac\u00e1ndose por su capacidad de integrar la innovaci\u00f3n y la anal\u00edtica de datos con una visi\u00f3n profundamente humana y estrat\u00e9gica. Su enfoque combina la cercan\u00eda con las personas, el entendimiento del negocio y la construcci\u00f3n de culturas de confianza y alto desempe\u00f1o.<\/p>\n<p style=\"font-weight: 400;\">En Indra Group tendr\u00e1 la responsabilidad de fortalecer la estrategia de talento en la regi\u00f3n, impulsar el desarrollo de entornos laborales diversos e inclusivos y consolidar una cultura que potencie tanto el crecimiento de las personas como la competitividad de la organizaci\u00f3n.<\/p>\n<p style=\"font-weight: 400;\">\u201cMi prop\u00f3sito es construir una cultura donde las personas puedan dar lo mejor de s\u00ed, siendo altamente productivas y encontrando sentido en lo que hacen. Creo que cuando una organizaci\u00f3n se esfuerza por ofrecer una cultura saludable, basada en la confianza, el respeto y un genuino inter\u00e9s por el bienestar de sus colaboradores y sus familias, se genera una relaci\u00f3n de mutuo compromiso y crecimiento que inevitablemente conduce a resultados exitosos para ambas partes\u201d, afirm\u00f3 Johana Andrea Forero Campos, CHRO Regional de Indra Group.<\/p>\n<p style=\"font-weight: 400;\">Adicionalmente, Johana destaca que para lograr una gesti\u00f3n de talento verdaderamente efectiva es esencial conocer el negocio desde sus entra\u00f1as y, al mismo tiempo, comprender profundamente la cultura y la idiosincrasia de su gente. \u201cCuando trabajas con varios pa\u00edses, cada uno con una identidad cultural tan arraigada, entender esas diferencias y encontrar los puntos que nos unen es lo que permite construir una cultura s\u00f3lida, integradora y sostenible\u201d, puntualiz\u00f3.<\/p>\n<p style=\"font-weight: 400;\">Desde su posici\u00f3n regional, la ejecutiva impulsar\u00e1 una estrategia de talento integrada para Colombia, Ecuador, Centroam\u00e9rica y el Caribe, promoviendo una identidad cultural compartida basada en la diversidad, la innovaci\u00f3n y la confianza.<\/p>\n<p style=\"font-weight: 400;\">\u201cLa integraci\u00f3n de Johana a nuestro equipo refleja el compromiso que tenemos por seguir consolidando a Indra Group como un referente en gesti\u00f3n de talento. Su experiencia y liderazgo ser\u00e1n claves para continuar construyendo una cultura de confianza, innovaci\u00f3n y diversidad, que hoy nos ha llevado a ser reconocidos como Great Place to Work (GPTW) y Empresa Familiarmente Responsable (EFR)\u201d, se\u00f1al\u00f3 Jos\u00e9 Fernando Quintero, Country Manager de Indra Group para Colombia, Ecuador, Centroam\u00e9rica y Caribe.<\/p>\n<p style=\"font-weight: 400;\">Con la incorporaci\u00f3n de Johana Forero, Indra Group reafirma su compromiso con la gesti\u00f3n del talento como pilar estrat\u00e9gico y diferencial de su liderazgo regional. La compa\u00f1\u00eda continuar\u00e1 fortaleciendo una cultura que inspire a las personas, promueva el orgullo de pertenencia y potencie el crecimiento sostenible en toda la regi\u00f3n. Su liderazgo representa la uni\u00f3n entre estrategia y humanidad: poner a las personas en el centro para transformar la organizaci\u00f3n desde adentro.<\/p>\n<p>Fuente \u00a0Indra Group, compa\u00f1\u00eda global l\u00edder en consultor\u00eda y tecnolog\u00eda<\/p>\n","protected":false},"excerpt":{"rendered":"<p>\u00a0Indra Group, compa\u00f1\u00eda global l\u00edder en consultor\u00eda y tecnolog\u00eda, anunci\u00f3 el nombramiento de Johana Andrea Forero Campos como nueva Chief Human Resources Officer (CHRO) Regional para Colombia, Ecuador, Centroam\u00e9rica y el Caribe. Johana cuenta con una trayectoria de m\u00e1s de 15 a\u00f1os liderando equipos multidisciplinarios en compa\u00f1\u00edas multinacionales de tecnolog\u00eda, servicios y banca. Ha estado [&hellip;]<\/p>\n","protected":false},"author":2,"featured_media":60508,"comment_status":"closed","ping_status":"closed","sticky":false,"template":"","format":"standard","meta":{"footnotes":""},"categories":[66,168,51],"tags":[31671,31669,31668,31672,701,31667,31670,31673],"class_list":["post-60507","post","type-post","status-publish","format-standard","has-post-thumbnail","hentry","category-destacadas","category-generales","category-nacional","tag-centroamerica-y-el-caribe","tag-chief-human-resources-officer","tag-compania-global-lider-en-consultoria-y-tecnologia","tag-companias-multinacionales-de-tecnologia","tag-ecuador","tag-indra-group","tag-regional-para-colombia","tag-servicios-y-banca"],"_links":{"self":[{"href":"https:\/\/radionoticiascasanare.com\/inicio\/wp-json\/wp\/v2\/posts\/60507","targetHints":{"allow":["GET"]}}],"collection":[{"href":"https:\/\/radionoticiascasanare.com\/inicio\/wp-json\/wp\/v2\/posts"}],"about":[{"href":"https:\/\/radionoticiascasanare.com\/inicio\/wp-json\/wp\/v2\/types\/post"}],"author":[{"embeddable":true,"href":"https:\/\/radionoticiascasanare.com\/inicio\/wp-json\/wp\/v2\/users\/2"}],"replies":[{"embeddable":true,"href":"https:\/\/radionoticiascasanare.com\/inicio\/wp-json\/wp\/v2\/comments?post=60507"}],"version-history":[{"count":1,"href":"https:\/\/radionoticiascasanare.com\/inicio\/wp-json\/wp\/v2\/posts\/60507\/revisions"}],"predecessor-version":[{"id":60509,"href":"https:\/\/radionoticiascasanare.com\/inicio\/wp-json\/wp\/v2\/posts\/60507\/revisions\/60509"}],"wp:featuredmedia":[{"embeddable":true,"href":"https:\/\/radionoticiascasanare.com\/inicio\/wp-json\/wp\/v2\/media\/60508"}],"wp:attachment":[{"href":"https:\/\/radionoticiascasanare.com\/inicio\/wp-json\/wp\/v2\/media?parent=60507"}],"wp:term":[{"taxonomy":"category","embeddable":true,"href":"https:\/\/radionoticiascasanare.com\/inicio\/wp-json\/wp\/v2\/categories?post=60507"},{"taxonomy":"post_tag","embeddable":true,"href":"https:\/\/radionoticiascasanare.com\/inicio\/wp-json\/wp\/v2\/tags?post=60507"}],"curies":[{"name":"wp","href":"https:\/\/api.w.org\/{rel}","templated":true}]}}